{"id":3974,"date":"2021-01-19T16:26:18","date_gmt":"2021-01-19T14:26:18","guid":{"rendered":"https:\/\/www.veikkovasama.fi\/tekstit\/?p=3974"},"modified":"2021-12-16T11:08:35","modified_gmt":"2021-12-16T09:08:35","slug":"tuokiokuvia-talvivaellukselta-30-vuoden-takaa","status":"publish","type":"post","link":"https:\/\/www.veikkovasama.fi\/tekstit\/?p=3974","title":{"rendered":"Tuokiokuvia talvivaellukselta 30 vuoden takaa"},"content":{"rendered":"\n<p>Kun ajoimme aamuvarhaisella Vuotsosta kohti Raja-Jooseppia, radiossa k\u00e4siteltiin Persianlahden sodan tapahtumia. J\u00e4timme auton kymmenen aikoihin rajavartioston levitykselle ja l\u00e4hdimme hiiht\u00e4m\u00e4\u00e4n. Aamurusko loimotti punaisena.  <\/p>\n\n\n\n<p>Kelkanj\u00e4lki noudatti mets\u00e4autotien uraa, mutta meni t\u00e4ll\u00e4 kertaa Luton yli vasta Oskarinj\u00e4rven kolttakent\u00e4n kohdalta. Koukattuaan Niemenvaaran siemenpuuhakkuilla ura hakeutui Suomun varteen Harrimukassa. Pahaojalla oli paannej\u00e4\u00e4t\u00e4 ja muutamia poroja sit\u00e4 kaapimassa. Lunta oli alle 30 sentti\u00e4, selv\u00e4sti v\u00e4hemm\u00e4n kuin Vuotsossa,<\/p>\n\n\n<p><a href=\"https:\/\/www.veikkovasama.fi\/tekstikuvat\/muorrav_joki.jpg\" rel=\"lightbox[14475]\"><img decoding=\"async\" title=\"Muorravaarakkajoki tammikuun iltah\u00e4m\u00e4r\u00e4ss\u00e4\" src=\"https:\/\/www.veikkovasama.fi\/tekstikuvat\/muorrav_joki.jpg\" alt=\"\" width=\"200\" height=\"x\"><\/a><\/p>\n\n\n<p>Saavuimme Jyrkk\u00e4vaaran tuvalle kolmelta. Remonttimiehet olivat kunnostaneet tuvan huippukuntoon, pihalla oli juuri valmistuneen urakan j\u00e4ljilt\u00e4 aggregaatti ja suuri m\u00e4\u00e4r\u00e4 tyhji\u00e4 jerrykannuja. Vieraskirjassa oli rajamiesten merkint\u00e4 kahden p\u00e4iv\u00e4n takaa, Riitta Lehvonen Purnumukasta oli poikennut k\u00e4mp\u00e4ll\u00e4 parhaimpana kaamosaikana. Muutama korppi k\u00e4v\u00e4isi iltah\u00e4m\u00e4riss\u00e4 tarkistamassa tilanteen.<\/p>\n\n\n\n<p>Aamulla s\u00e4\u00e4 oli harmaa. L\u00e4hdimme liikkeelle puoli kymmenelt\u00e4 ja hiihdimme kelkan j\u00e4lke\u00e4 Sarviojan suulle ja siit\u00e4 Muorravaarakkajokea seuraillen etel\u00e4\u00e4n. Joen j\u00e4\u00e4ll\u00e4 hanki kantoi, mutta mets\u00e4ss\u00e4 upotti kymmenkunta sentti\u00e4. Kuukkeli l\u00e4hti lent\u00e4m\u00e4\u00e4n joen yli, mutta kova tuuli paiskasi sen takaisin mets\u00e4n suojaan niin ett\u00e4 punainen pyrst\u00f6 v\u00e4l\u00e4hti.<\/p>\n\n\n\n<p>Kolmisen kilometri\u00e4 ennen k\u00e4mpp\u00e4\u00e4 n\u00e4imme ahman j\u00e4ljet. Ne olivat j\u00e4\u00e4neet kohokuvioksi tuulenpieks\u00e4m\u00e4n kumpareen laelle. Oli jo melko h\u00e4m\u00e4r\u00e4\u00e4, kun varauskammin luminen katto pilkotti puiden lomasta tervetulleena suorakaiteena. <\/p>\n\n\n\n<p>Autiotuvan pihalla oli tuoreen n\u00e4k\u00f6isi\u00e4 kelkanj\u00e4lki\u00e4. Rajamiehet olivat ajaneet 17.1. Anterista Muorravaarakan kautta Sarviojalle ja edelleen Jyrkk\u00e4vaaran kautta Jooseppiin. Kaksi hiiht\u00e4j\u00e4\u00e4 oli poikennut 29.12; sit\u00e4 edellinen merkint\u00e4 oli lokakuun lopulta.<\/p>\n\n\n<p><a href=\"https:\/\/www.veikkovasama.fi\/tekstikuvat\/ukselmakuru.jpg\" rel=\"lightbox[14475]\"><img decoding=\"async\" title=\"Kaamos oli p\u00e4\u00e4ttynyt ja aurinko paistoi taas\" src=\"https:\/\/www.veikkovasama.fi\/tekstikuvat\/ukselmakuru.jpg\" alt=\"\" width=\"200\" height=\"x\"><\/a><\/p>\n\n\n<p>Pidimme luppo- eli kuvausp\u00e4iv\u00e4n, ja hiihtelimme tuvan ymp\u00e4rist\u00f6ss\u00e4. Aurinko paistoi pari tuntia tuntureiden lakiin, mutta ei viel\u00e4 jokilaaksoon.<\/p>\n\n\n\n<p>Retki jatkui Pirunportin kautta Sarviojan tuvalle. Pian tuvalta l\u00e4hdetty\u00e4mme tapasimme retken kolmannen lintulajin, lapintiaisen. Ylemp\u00e4n\u00e4 rinne oli jyrkk\u00e4 ja kun lumi kesti k\u00e4vell\u00e4, nousimme loppuosan jalkaisin. <\/p>\n\n\n\n<p>Koivikossa oli porotokka, jota kuvasimme pitk\u00e4n tovin. Toisen kerran pys\u00e4hdyimme kuvaamaan kurussa, t\u00e4ll\u00e4 kertaa isoilla kameroilla. Navakka tuuli yritti kaataa jalustan, mutta Tapio ehti viime hetkell\u00e4 v\u00e4liin. Jalusta oli uusi enk\u00e4 muistanut, ett\u00e4 jalkoja olisi voinut levitt\u00e4\u00e4. Sollanp\u00e4\u00e4n l\u00e4nsirinteilt\u00e4 tuuli oli pyyhkinyt lumet niin tarkkaan, ett\u00e4 n\u00e4kym\u00e4\u00e4 olisi voinut luulla lokakuiseksi.<\/p>\n\n\n<p><a href=\"https:\/\/www.veikkovasama.fi\/tekstikuvat\/poroja_soll.jpg\" rel=\"lightbox[14475]\"><img decoding=\"async\" title=\"Poroparttio Sollanp\u00e4\u00e4n koivikossa\" src=\"https:\/\/www.veikkovasama.fi\/tekstikuvat\/poroja_soll.jpg\" alt=\"\" width=\"200\" height=\"x\"><\/a><\/p>\n\n\n<p>Olin saanut k\u00e4mp\u00e4n l\u00e4mpim\u00e4ksi, kun Tapio ehti perille. Suksen pohjalaminaatti oli irronnut kannasta ja kiertynyt rullalle, aikaa oli kulunut sit\u00e4 korjatessa. Illalla s\u00e4\u00e4 oli kirkas, mutta pakkanen ei silti kiristynyt.<\/p>\n\n\n\n<p>Aamulla tuli helikopteri matalalla pitkin jokilaaksoa ja laskeutui puolen kilometrin p\u00e4\u00e4h\u00e4n. Se j\u00e4tti kyydist\u00e4\u00e4n kaksi rajamiest\u00e4, jotka l\u00e4htiv\u00e4t k\u00e4mp\u00e4ll\u00e4 poikettuaan hiihtelem\u00e4\u00e4n kohti Jyrkk\u00e4vaaraa.<\/p>\n\n\n\n<p>Jatkoimme samaan suuntaan seuraavana p\u00e4iv\u00e4n\u00e4. Muorravaarakkajoen varressa tapasimme naapurin is\u00e4nn\u00e4n, joka oli k\u00e4ynyt Muorravaarakan k\u00e4mp\u00e4ll\u00e4 hakemassa rekikuorman roskas\u00e4kkej\u00e4. <\/p>\n\n\n\n<p>V\u00e4h\u00e4n ennen Jyrkk\u00e4vaaran k\u00e4mpp\u00e4\u00e4 oli pieni kuusiryhm\u00e4. Kun jonakin iltana oli ollut puhetta kuusen esiintymisest\u00e4, kumpikaan ei muistanut n\u00e4hneens\u00e4 ainuttakaan kuusta koko retken aikana. Tuntuu ihmeelliselt\u00e4, kuinka vahvasti kuusi ilmestyy maisemakuvaan kymmeni\u00e4 kilometrej\u00e4 pohjoisempana, Sarmikuusikoissa. Ven\u00e4j\u00e4n puolella kuusen esiintymisalue ulottuu yhten\u00e4isen\u00e4 hyvinkin pohjoiseen.<\/p>\n\n\n<p><a href=\"https:\/\/www.veikkovasama.fi\/tekstikuvat\/valmiina_lahtoon.jpg\" rel=\"lightbox[14475]\"><img decoding=\"async\" title=\"Keskitalven retkill\u00e4 tarvitaan ahkio ja pitk\u00e4t sukset\" src=\"https:\/\/www.veikkovasama.fi\/tekstikuvat\/valmiina_lahtoon.jpg\" alt=\"\" width=\"150\" height=\"x\"><\/a><\/p>\n\n\n<p>Viimeisen retkip\u00e4iv\u00e4n aamuna satoi silkkaa vett\u00e4, joka muuttui my\u00f6hemmin r\u00e4nn\u00e4ksi. Tarkkakuuloinen Tapio oli y\u00f6ll\u00e4 kuullut hiirip\u00f6ll\u00f6n \u00e4\u00e4ntelev\u00e4n pihakelossa. Taisi olla p\u00f6ll\u00f6ll\u00e4kin allakka sekaisin! Puiden tyvill\u00e4 paistoi monin paikoin paljas maa, ja kun lumen pinnalla oli runsaasti kovien tuulten puista pudottamaa kariketta, n\u00e4kym\u00e4t toivat mieleen loppukev\u00e4\u00e4n. <\/p>\n\n\n\n<p>Elettiin siis tammikuuta, ja vuosi oli 1991.<\/p>\n","protected":false},"excerpt":{"rendered":"<p>Kun ajoimme aamuvarhaisella Vuotsosta kohti Raja-Jooseppia, radiossa k\u00e4siteltiin Persianlahden sodan tapahtumia. J\u00e4timme auton kymmenen aikoihin rajavartioston levitykselle ja l\u00e4hdimme hiiht\u00e4m\u00e4\u00e4n. Aamurusko loimotti punaisena. Kelkanj\u00e4lki noudatti mets\u00e4autotien uraa, mutta meni t\u00e4ll\u00e4 kertaa Luton yli vasta Oskarinj\u00e4rven kolttakent\u00e4n kohdalta. Koukattuaan Niemenvaaran siemenpuuhakkuilla ura hakeutui Suomun varteen Harrimukassa. Pahaojalla oli paannej\u00e4\u00e4t\u00e4 ja muutamia poroja sit\u00e4 kaapimassa. Lunta oli [&hellip;]<\/p>\n","protected":false},"author":1,"featured_media":0,"comment_status":"closed","ping_status":"closed","sticky":false,"template":"","format":"standard","meta":{"footnotes":""},"categories":[4],"tags":[],"class_list":["post-3974","post","type-post","status-publish","format-standard","hentry","category-retket-ja-matkat"],"_links":{"self":[{"href":"https:\/\/www.veikkovasama.fi\/tekstit\/index.php?rest_route=\/wp\/v2\/posts\/3974","targetHints":{"allow":["GET"]}}],"collection":[{"href":"https:\/\/www.veikkovasama.fi\/tekstit\/index.php?rest_route=\/wp\/v2\/posts"}],"about":[{"href":"https:\/\/www.veikkovasama.fi\/tekstit\/index.php?rest_route=\/wp\/v2\/types\/post"}],"author":[{"embeddable":true,"href":"https:\/\/www.veikkovasama.fi\/tekstit\/index.php?rest_route=\/wp\/v2\/users\/1"}],"replies":[{"embeddable":true,"href":"https:\/\/www.veikkovasama.fi\/tekstit\/index.php?rest_route=%2Fwp%2Fv2%2Fcomments&post=3974"}],"version-history":[{"count":13,"href":"https:\/\/www.veikkovasama.fi\/tekstit\/index.php?rest_route=\/wp\/v2\/posts\/3974\/revisions"}],"predecessor-version":[{"id":4249,"href":"https:\/\/www.veikkovasama.fi\/tekstit\/index.php?rest_route=\/wp\/v2\/posts\/3974\/revisions\/4249"}],"wp:attachment":[{"href":"https:\/\/www.veikkovasama.fi\/tekstit\/index.php?rest_route=%2Fwp%2Fv2%2Fmedia&parent=3974"}],"wp:term":[{"taxonomy":"category","embeddable":true,"href":"https:\/\/www.veikkovasama.fi\/tekstit\/index.php?rest_route=%2Fwp%2Fv2%2Fcategories&post=3974"},{"taxonomy":"post_tag","embeddable":true,"href":"https:\/\/www.veikkovasama.fi\/tekstit\/index.php?rest_route=%2Fwp%2Fv2%2Ftags&post=3974"}],"curies":[{"name":"wp","href":"https:\/\/api.w.org\/{rel}","templated":true}]}}