{"id":3311,"date":"2019-06-10T17:13:45","date_gmt":"2019-06-10T14:13:45","guid":{"rendered":"https:\/\/www.veikkovasama.fi\/tekstit\/?p=3311"},"modified":"2023-01-24T09:42:30","modified_gmt":"2023-01-24T07:42:30","slug":"kross-ja-kollegat","status":"publish","type":"post","link":"https:\/\/www.veikkovasama.fi\/tekstit\/?p=3311","title":{"rendered":"Jaan Kross, Juhan Smuul ja Neuvostoliitto"},"content":{"rendered":"\n<p>K\u00e4vin vuoden 2018 toukokuussa toisen kerran Koguvan kyl\u00e4museossa Muhun saarella Virossa. Kes\u00e4n 2005 vierailusta yli kymmenen vuoden takaa oli parhaiten j\u00e4\u00e4nyt mieleen loistavaa suomea puhunut opas ja rakennusten ruokokatot. Uusintavierailun ykk\u00f6sasiaksi nousi kirjailija Juhan Smuul, jonka syntym\u00e4kodin pihapiiriin museo on perustettu.<\/p>\n\n\n<p><a href=\"https:\/\/www.veikkovasama.fi\/tekstikuvat\/smuulin_teoksia.jpg\" rel=\"lightbox[14475]\"><img decoding=\"async\" title=\"Juhan Smuulin tuotantoa\" src=\"https:\/\/www.veikkovasama.fi\/tekstikuvat\/smuulin_teoksia.jpg\" alt=\"\" width=\"180\" height=\"x\"><\/a><\/p>\n\n\n<p>En tiennyt kirjailijasta mit\u00e4\u00e4n, mutta olinkohan t\u00f6rm\u00e4nnyt nimeen Jaan Krossin muistelmissa? Kotiin palattuani tarkistin asian. Kaksiosaisen teoksensa&nbsp;<em>Rakkaat kanssavaeltajat<\/em>&nbsp;ensimm\u00e4isess\u00e4 osassa Kross kirjoittaa: <\/p>\n\n\n\n<blockquote class=\"wp-block-quote is-layout-flow wp-block-quote-is-layout-flow\">\n<p><em>Er\u00e4\u00e4n\u00e4 p\u00e4iv\u00e4n\u00e4 varmaankin toukokuussa 1958 Juhan Smuul tuli taas kerran minua kadulla vastaan. [\u2026] H\u00e4n viittasi minulle:<br> &nbsp;&nbsp; \u201dTulkaapa hetkeksi t\u00e4nne\u2026\u201d<br> &nbsp;&nbsp; Min\u00e4 menin. Tietysti. En alkanut tehd\u00e4 ongelmaa siit\u00e4, ett\u00e4 h\u00e4n oli minua tismalleen kaksi vuotta nuorempi. Nousin torinpuoleiset portaat ja laskeuduin Viru-kadun puoleiset portaat. Pidin vain huolen siit\u00e4, ett\u00e4 mahdollinen tarkkailija ei havaitsisi minun erityisemmin kiirehtiv\u00e4n vaan liikkuvan tavalliseen tahtiin.<br> &nbsp;&nbsp; \u201dKuulkaas, hallitus pohti juuri ajankohtaisia asioita. P\u00e4\u00e4tettiin, ett\u00e4 te tulette huomenna Toompealle ja j\u00e4t\u00e4tte meid\u00e4n naisillemme j\u00e4senhakemuksen kirjailijaliittoon. Me harkitsemme asiaa torstaina ja hyv\u00e4ksymme teid\u00e4t j\u00e4seneksi.<br> &nbsp;&nbsp; \u201dMutta eih\u00e4n minulta ole ilmestynyt mit\u00e4\u00e4n! Minun runokokoelmani julkaiseminen seisoo ja seisoo.\u201d<br> &nbsp;&nbsp; \u201dKuulkaas nyt, min\u00e4 en vastaa kustantamon toiminnasta, vaan liiton hallituksen toiminnasta. Joten pankaa t\u00f6pin\u00e4ksi. Ja olkaa torstaina paikalla. Kello nelj\u00e4.\u201d<\/em><\/p>\n<\/blockquote>\n\n\n\n<p>Edell\u00e4 kerrotun tapaamisen aikaan Juhan Smuul (1922-1971) oli asemansa vakiinnuttanut kirjailija, joka oli julkaissut useita runo- ja proosateoksia. Lis\u00e4ksi h\u00e4n oli Viron kirjailijaliiton hallituksen puheenjohtaja. Jaan Kross (1920-2007) vasta odotti p\u00e4\u00e4t\u00f6st\u00e4 runokokoelmansa julkaisemisesta. Krossin esikoisteos, runokokoelma&nbsp;<em>S\u00f6erikastaja<\/em> (<em>Hiilenrikastaja<\/em>)&nbsp;julkaistiin v.1958.<\/p>\n\n\n<p><a href=\"https:\/\/www.veikkovasama.fi\/tekstikuvat\/soerikastaja.jpg\" rel=\"lightbox[14475]\"><img decoding=\"async\" title=\"Jaan Krossin esikoisteos S\u00f6erikastaja\" src=\"https:\/\/www.veikkovasama.fi\/tekstikuvat\/soerikastaja.jpg\" alt=\"\" width=\"130\" height=\"x\"><\/a><\/p>\n\n\n<p>Jatkossa Krossin asema\nkirjailijana toki helpottui, mutta h\u00e4nen piti koko neuvostomiehityksen ajan\nmietti\u00e4 tarkoin sanottavansa. Smuul sen sijaan saattoi kirjoittaa ja julkaista \nmielens\u00e4 mukaan, koska oli vakaumuksellinen kommunisti, puolueen j\u00e4sen vuodesta\n1951. Viron kirjailijaliiton johtoon Smuul nousi vuonna 1954. Mik\u00e4 sattuma:\nKross p\u00e4\u00e4si samana vuonna palaamaan kotimaahan oltuaan kahdeksan vuotta\nSiperiassa vankileireill\u00e4 ja karkotettuna!<\/p>\n\n\n\n<p>Smuulin ainoa suomennettu proosateos on v. 1959 julkaistu&nbsp;<em>J\u00e4ine raamat<\/em>, josta h\u00e4nelle my\u00f6nnettiin Lenin-palkinto vuonna 1961. Kirja julkaistiin suomeksi v. 1964 nimell\u00e4&nbsp;<em>J\u00e4\u00e4tikk\u00f6kirja<\/em> ja luin sen pian Virosta palattuani. Teoksessa kerrotaan Smuulin matkasta Etel\u00e4mantereelle: ihan kelpo kirja, jos aihepiiri kiinnostaa eik\u00e4 p\u00e4\u00e4lleliimattu aatteellisuus h\u00e4iritse.<\/p>\n\n\n<p><a href=\"https:\/\/www.veikkovasama.fi\/tekstikuvat\/lenin_palkinto.jpg\" rel=\"lightbox[14475]\"><img decoding=\"async\" title=\"Juhan Smuulin sai ansioistaan Lenin-palkinnon\" src=\"https:\/\/www.veikkovasama.fi\/tekstikuvat\/lenin_palkinto.jpg\" alt=\"\" width=\"180\" height=\"x\" \/><\/a><\/p>\n\n\n<p>Kirjailija Smuuliin p\u00e4tee se, mit\u00e4 Yhdysvaltoihin v. 1978 emigroitunut ja nopeasti kansainv\u00e4liseen maineeseen noussut neuvostokollega <a href=\"https:\/\/www.veikkovasama.fi\/tekstit\/?p=1434\">Sergei Dovlatov<\/a> kirjoittaa mainiossa sukutarinassaan&nbsp;<em>Meik\u00e4l\u00e4iset<\/em>:<\/p>\n\n\n\n<blockquote class=\"wp-block-quote is-layout-flow wp-block-quote-is-layout-flow\">\n<p><em>Kuusivuotiaana tiesin, ett\u00e4 Stalin tappoi isois\u00e4ni. Ja koulun p\u00e4\u00e4ttyess\u00e4 olin perill\u00e4 jo aivan kaikesta.&nbsp;<\/em><\/p>\n\n\n\n<p><em>Tiesin ett\u00e4 sanomalehdiss\u00e4 kirjoitetaan valheita. Tiesin ett\u00e4 ulkomailla tavalliset ihmiset el\u00e4v\u00e4t paremmin ja onnellisemmin. Tiesin ett\u00e4 on h\u00e4pe\u00e4llist\u00e4 mutta hy\u00f6dyllist\u00e4 olla kommunisti.<\/em><\/p>\n<\/blockquote>\n\n\n<p><a href=\"https:\/\/www.veikkovasama.fi\/tekstikuvat\/meikalaiset.jpg\" rel=\"lightbox[14475]\"><img decoding=\"async\" title=\"\" src=\"https:\/\/www.veikkovasama.fi\/tekstikuvat\/meikalaiset.jpg\" alt=\"\" width=\"130\" height=\"x\" \/><\/a><\/p>\n<p>Lyhennetty 24.1.2023<\/p>","protected":false},"excerpt":{"rendered":"<p>K\u00e4vin vuoden 2018 toukokuussa toisen kerran Koguvan kyl\u00e4museossa Muhun saarella Virossa. Kes\u00e4n 2005 vierailusta yli kymmenen vuoden takaa oli parhaiten j\u00e4\u00e4nyt mieleen loistavaa suomea puhunut opas ja rakennusten ruokokatot. Uusintavierailun ykk\u00f6sasiaksi nousi kirjailija Juhan Smuul, jonka syntym\u00e4kodin pihapiiriin museo on perustettu. En tiennyt kirjailijasta mit\u00e4\u00e4n, mutta olinkohan t\u00f6rm\u00e4nnyt nimeen Jaan Krossin muistelmissa? Kotiin palattuani tarkistin [&hellip;]<\/p>\n","protected":false},"author":1,"featured_media":0,"comment_status":"closed","ping_status":"closed","sticky":false,"template":"","format":"standard","meta":{"footnotes":""},"categories":[6],"tags":[25,26,27],"class_list":["post-3311","post","type-post","status-publish","format-standard","hentry","category-kirjallisuus-taide","tag-jaan-kross","tag-juhan-smuul","tag-lennart-meri"],"_links":{"self":[{"href":"https:\/\/www.veikkovasama.fi\/tekstit\/index.php?rest_route=\/wp\/v2\/posts\/3311","targetHints":{"allow":["GET"]}}],"collection":[{"href":"https:\/\/www.veikkovasama.fi\/tekstit\/index.php?rest_route=\/wp\/v2\/posts"}],"about":[{"href":"https:\/\/www.veikkovasama.fi\/tekstit\/index.php?rest_route=\/wp\/v2\/types\/post"}],"author":[{"embeddable":true,"href":"https:\/\/www.veikkovasama.fi\/tekstit\/index.php?rest_route=\/wp\/v2\/users\/1"}],"replies":[{"embeddable":true,"href":"https:\/\/www.veikkovasama.fi\/tekstit\/index.php?rest_route=%2Fwp%2Fv2%2Fcomments&post=3311"}],"version-history":[{"count":53,"href":"https:\/\/www.veikkovasama.fi\/tekstit\/index.php?rest_route=\/wp\/v2\/posts\/3311\/revisions"}],"predecessor-version":[{"id":4541,"href":"https:\/\/www.veikkovasama.fi\/tekstit\/index.php?rest_route=\/wp\/v2\/posts\/3311\/revisions\/4541"}],"wp:attachment":[{"href":"https:\/\/www.veikkovasama.fi\/tekstit\/index.php?rest_route=%2Fwp%2Fv2%2Fmedia&parent=3311"}],"wp:term":[{"taxonomy":"category","embeddable":true,"href":"https:\/\/www.veikkovasama.fi\/tekstit\/index.php?rest_route=%2Fwp%2Fv2%2Fcategories&post=3311"},{"taxonomy":"post_tag","embeddable":true,"href":"https:\/\/www.veikkovasama.fi\/tekstit\/index.php?rest_route=%2Fwp%2Fv2%2Ftags&post=3311"}],"curies":[{"name":"wp","href":"https:\/\/api.w.org\/{rel}","templated":true}]}}