{"id":3215,"date":"2019-01-26T09:55:12","date_gmt":"2019-01-26T07:55:12","guid":{"rendered":"https:\/\/www.veikkovasama.fi\/tekstit\/?p=3215"},"modified":"2020-06-11T08:58:13","modified_gmt":"2020-06-11T05:58:13","slug":"fiilaten-ja-nysvaten","status":"publish","type":"post","link":"https:\/\/www.veikkovasama.fi\/tekstit\/?p=3215","title":{"rendered":"Fiilaten ja nysv\u00e4ten"},"content":{"rendered":"<p>Pystytin ensimm\u00e4iset verkkosivuni kes\u00e4kuussa 2000. Sis\u00e4lt\u00f6n\u00e4 oli 12 kuvan portfolio, henkil\u00f6historia, muutama teksti ja yhteystiedot. Vaikutelma on karu, mutta sivusto oli joka tapauksessa t\u00e4ysin omaa tekoa.<\/p>\n<p><a href=\"https:\/\/www.veikkovasama.fi\/tekstikuvat\/eka_index.jpg\" rel=\"lightbox[14475]\"><img decoding=\"async\" title=\"Eka yritys on karu\" src=\"https:\/\/www.veikkovasama.fi\/tekstikuvat\/eka_index.jpg\" alt=\"\" width=\"180\" height=\"x\" \/><\/a><\/p>\n<p>Koska nettiyhteydet olivat vuosituhannen vaihteessa hitaat ja n\u00e4yt\u00f6t pienet, my\u00f6s kuvat olivat pieni\u00e4, pitk\u00e4 sivu muistaakseni 600 pikseli\u00e4. Siin\u00e4 vaiheessa kun suuretkin kuvat siirtyiv\u00e4t vauhdikkaasti ja kuvien koon olisi voinut kasvattaa vaikkapa kaksinkertaiseksi, nysv\u00e4\u00e4minen ei en\u00e4\u00e4 innostanut.<\/p>\n<p>Nyt kuvia varmaankin katsellaan p\u00e4\u00e4osin puhelimella tai t\u00e4pp\u00e4rill\u00e4, ja alkuper\u00e4inen kuvakoko riitt\u00e4\u00e4 hyvin. Ongelmana ovat kuvatekstit ja navigointin\u00e4pp\u00e4imet, jotka vaativat kunnolla n\u00e4ky\u00e4kseen vieritt\u00e4mist\u00e4. Siihenh\u00e4n kukaan ei suostu.<\/p>\n<p>Tartuin toimeen ja paransin alkuper\u00e4isen nettigalleriani k\u00e4ytett\u00e4vyytt\u00e4. Kuudentoista kuvan portfolioita on kaikkiaan 14 ja 20-kuvan portflioita 10. Se aivan ensimm\u00e4inen sarja k\u00e4sitt\u00e4\u00e4 edelleen 12 kuvaa.<\/p>\n<p><a href=\"https:\/\/www.veikkovasama.fi\/galleria.htm\">Alkuper\u00e4isess\u00e4 nettigalleriassa<\/a> on 436 kuvaa, joista valtaosa on kuvattu filmille. Koska Photoshopin hallinta on vuosien varrella parantunut, k\u00e4sittelin osan kuvista uudelleen. Itse kuvat, vanhimmatkin, ovat omasta mielest\u00e4ni tasoltaan aivan tyydytt\u00e4vi\u00e4.<\/p>\n<p><a href=\"https:\/\/www.veikkovasama.fi\/tekstikuvat\/alkup_galleria.jpg\" rel=\"lightbox[14475]\"><img decoding=\"async\" title=\"Osa alkuper\u00e4isen gallerian valikkoa\" src=\"https:\/\/www.veikkovasama.fi\/tekstikuvat\/alkup_galleria.jpg\" alt=\"\" width=\"130\" height=\"x\" \/><\/a><\/p>\n<p>Julkaisin syksyn 2018 aikana nelj\u00e4 uudella tekniikalla tehty\u00e4 portfoliota, jotka kaikki koostuvat digikuvista. Ero nysv\u00e4yksen m\u00e4\u00e4r\u00e4ss\u00e4 oli niin dramaattinen, ett\u00e4 paluuta entiseen ei varmaankaan ole. Ei varsinkaan sen j\u00e4lkeen, kun toteutin perinteisesti viel\u00e4 yhden portfolion, jonka luonteeseen vaivalloisuus jossain mieless\u00e4 kuuluu. Sarjan <em><a href=\"https:\/\/www.veikkovasama.fi\/historialliset.htm\">Historiallisia kuvia<\/a>\u00a0<\/em>otokset ovat oikeasti vanhoja, esimerkiksi t\u00e4m\u00e4:<\/p>\n<p><a href=\"https:\/\/www.veikkovasama.fi\/tekstikuvat\/valilasku_kaj.jpg\" rel=\"lightbox[14475]\"><img decoding=\"async\" title=\"V\u00e4lilasku Kajaaniin toukokuussa 1971\" src=\"https:\/\/www.veikkovasama.fi\/tekstikuvat\/valilasku_kaj.jpg\" alt=\"\" width=\"180\" height=\"x\" \/><\/a><\/p>\n","protected":false},"excerpt":{"rendered":"<p>Pystytin ensimm\u00e4iset verkkosivuni kes\u00e4kuussa 2000. Sis\u00e4lt\u00f6n\u00e4 oli 12 kuvan portfolio, henkil\u00f6historia, muutama teksti ja yhteystiedot. Vaikutelma on karu, mutta sivusto oli joka tapauksessa t\u00e4ysin omaa tekoa. Koska nettiyhteydet olivat vuosituhannen vaihteessa hitaat ja n\u00e4yt\u00f6t pienet, my\u00f6s kuvat olivat pieni\u00e4, pitk\u00e4 sivu muistaakseni 600 pikseli\u00e4. Siin\u00e4 vaiheessa kun suuretkin kuvat siirtyiv\u00e4t vauhdikkaasti ja kuvien koon olisi [&hellip;]<\/p>\n","protected":false},"author":1,"featured_media":0,"comment_status":"closed","ping_status":"closed","sticky":false,"template":"","format":"standard","meta":{"footnotes":""},"categories":[1],"tags":[],"class_list":["post-3215","post","type-post","status-publish","format-standard","hentry","category-yleinen"],"_links":{"self":[{"href":"https:\/\/www.veikkovasama.fi\/tekstit\/index.php?rest_route=\/wp\/v2\/posts\/3215","targetHints":{"allow":["GET"]}}],"collection":[{"href":"https:\/\/www.veikkovasama.fi\/tekstit\/index.php?rest_route=\/wp\/v2\/posts"}],"about":[{"href":"https:\/\/www.veikkovasama.fi\/tekstit\/index.php?rest_route=\/wp\/v2\/types\/post"}],"author":[{"embeddable":true,"href":"https:\/\/www.veikkovasama.fi\/tekstit\/index.php?rest_route=\/wp\/v2\/users\/1"}],"replies":[{"embeddable":true,"href":"https:\/\/www.veikkovasama.fi\/tekstit\/index.php?rest_route=%2Fwp%2Fv2%2Fcomments&post=3215"}],"version-history":[{"count":22,"href":"https:\/\/www.veikkovasama.fi\/tekstit\/index.php?rest_route=\/wp\/v2\/posts\/3215\/revisions"}],"predecessor-version":[{"id":3751,"href":"https:\/\/www.veikkovasama.fi\/tekstit\/index.php?rest_route=\/wp\/v2\/posts\/3215\/revisions\/3751"}],"wp:attachment":[{"href":"https:\/\/www.veikkovasama.fi\/tekstit\/index.php?rest_route=%2Fwp%2Fv2%2Fmedia&parent=3215"}],"wp:term":[{"taxonomy":"category","embeddable":true,"href":"https:\/\/www.veikkovasama.fi\/tekstit\/index.php?rest_route=%2Fwp%2Fv2%2Fcategories&post=3215"},{"taxonomy":"post_tag","embeddable":true,"href":"https:\/\/www.veikkovasama.fi\/tekstit\/index.php?rest_route=%2Fwp%2Fv2%2Ftags&post=3215"}],"curies":[{"name":"wp","href":"https:\/\/api.w.org\/{rel}","templated":true}]}}