{"id":2739,"date":"2017-06-28T17:49:27","date_gmt":"2017-06-28T14:49:27","guid":{"rendered":"https:\/\/www.veikkovasama.fi\/tekstit\/?p=2739"},"modified":"2019-07-02T15:50:40","modified_gmt":"2019-07-02T12:50:40","slug":"kirjallinen-ketjureaktio-osa-2","status":"publish","type":"post","link":"https:\/\/www.veikkovasama.fi\/tekstit\/?p=2739","title":{"rendered":"Kirjallinen ketjureaktio, osa 2"},"content":{"rendered":"<p>Imbi Pajun kirja <em>Torjutut muistot<\/em> her\u00e4tti Joulukuussa 2015 kiinnostukseni Viron historiaan. Luin joukon tietokirjoja, ja niiden j\u00e4lkeen vaihdoin kaunokirjallisuuteen. Kiinnosti tiet\u00e4\u00e4, l\u00f6ytyyk\u00f6 Suomenlahden takaa vastine V\u00e4in\u00f6 Linnalle.<\/p>\n<p>En en\u00e4\u00e4 muista, mist\u00e4 sain virikkeen tarttua Jaan Krossin teoksiin. Aloitin novelleista ja ihan ensimm\u00e4inen kokoelma oli <em>Silmien avaamisen p\u00e4iv\u00e4<\/em>. Heti muutaman sivun luettuani huomasin, ett\u00e4 nyt kolahti kunnolla.<\/p>\n<p><a href=\"https:\/\/www.veikkovasama.fi\/tekstikuvat\/krossin_novellit.jpg\" rel=\"lightbox[14475]\"><img decoding=\"async\" title=\"Aloitin Krossin tuotantoon tutustumisen novelleista\" src=\"https:\/\/www.veikkovasama.fi\/tekstikuvat\/krossin_novellit.jpg\" alt=\"\" width=\"180\" height=\"x\" \/><\/a><\/p>\n<p>Novellit kuuluvat Krossin tuotannon siihen osaan, jossa kirjailija hy\u00f6dynt\u00e4\u00e4 omia kokemuksiaan. Romaaneista samaan ryhm\u00e4\u00e4n kuuluvat <em>Mesmerin piiri, Syvyydest\u00e4 ja Paikallaanlento.<\/em> Minulle Krossin omael\u00e4m\u00e4kerrallinen proosa on ollut avartava ja kirjallisesti nautittava johdatus Viron l\u00e4hihistoriaan.<\/p>\n<p>Monet pit\u00e4v\u00e4t Krossin p\u00e4\u00e4teoksena <em>Uppiniskaisuuden kronikkaa<\/em>, kertomusta Balthasar Russowin el\u00e4m\u00e4st\u00e4 1500-luvun Virossa. Kross on tunnustanut, ett\u00e4 kaikista romaaniensa henkil\u00f6hahmoista juuri Russowissa on eniten h\u00e4nt\u00e4 itse\u00e4\u00e4n. Russow ja Kross olivat rohkeita ja tarvittaessa tavattoman uppiniskaisia Viron itsen\u00e4isyyden puolustajia.<\/p>\n<p>Oli jokseenkin v\u00e4ist\u00e4m\u00e4t\u00f6nt\u00e4, ett\u00e4 Kross joutui ongelmiin Viron miehitt\u00e4jien kanssa. Tutuiksi tulivat sek\u00e4 Patarein vankila ett\u00e4 Pagari 1, jatkossa matka vei kahdeksaksi vuodeksi Siperiaan, vankileireille ja karkotukseen. T\u00e4t\u00e4 el\u00e4m\u00e4ns\u00e4 vaihetta Kross kuvaa novelleissaan mutta kuitenkin niin, ett\u00e4 kertomusten p\u00e4\u00e4henkil\u00f6in\u00e4 esiintyv\u00e4t yleens\u00e4 kohtalotoverit.<\/p>\n<p>Tyyli pysyy viile\u00e4n purevana eik\u00e4 oma katkeruus p\u00e4\u00e4se esiin. Esimerkiksi <em>Halleluja-<\/em>kokoelman niminovelli on maailmankirjallisuutta ja vankileirikertomusten aatelia. Alkuun p\u00e4\u00e4sty\u00e4ni luin koko Jaan Krossin suomennetun tuotannon.<\/p>\n<p>Prosessi otti uutta suuntaa Tartossa maaliskuussa 2017. Aidoissa tutkintavankilan tiloissa toimivassa KGB-museossa muistutettiin, ett\u00e4 Aleksandr Solzenitsyn kirjoitti <em>Vankileirien saariston<\/em> piileskelless\u00e4\u00e4n 1960-luvun alussa kaksi talvea Viron maaseudulla. Naapureille h\u00e4nen sanottiin olevan v\u00e4it\u00f6skirjaa valmisteleva tutkija, jota ei saanut h\u00e4irit\u00e4. Museossa oli esill\u00e4 valokuva vankileirin orkesterista, jonka esiintymisasut on ommeltu jalkar\u00e4teist\u00e4.<\/p>\n<p><a href=\"https:\/\/www.veikkovasama.fi\/tekstikuvat\/vankil_orkesteri.jpg\" rel=\"lightbox[14475]\"><img decoding=\"async\" title=\"Omskin vankileirin orkesteri\" src=\"https:\/\/www.veikkovasama.fi\/tekstikuvat\/vankil_orkesteri.jpg\" alt=\"\" width=\"180\" height=\"x\" \/><\/a><\/p>\n<p>Solzenitsyn on kirjoittanut edell\u00e4 mainitun j\u00e4rk\u00e4leen lis\u00e4ksi mm. romaanin <em>Ivan Denisovitsin p\u00e4iv\u00e4<\/em>. Teoksen jaksaa lukea, koska se on mitoiltaan pienoisromaani ja tasoltaan maailmankirjallisuutta. Samaan laatuluokkaan nostan Krossin parhaat vankileirinovellit ja ven\u00e4l\u00e4isen Varlam Salamovin teoksen <em>Kolyman kertomuksia<\/em>. Kirjailijoita yhdist\u00e4\u00e4 vuosikausien omakohtainen kokemus Neuvostoliiton vankileireist\u00e4.<\/p>\n<p><a href=\"https:\/\/www.veikkovasama.fi\/tekstikuvat\/kolyman_kertomuksia.jpg\" rel=\"lightbox[14475]\"><img decoding=\"async\" title=\"Kirjailijan kokemuksia pakkotyoleirilt\u00e4\" src=\"https:\/\/www.veikkovasama.fi\/tekstikuvat\/kolyman_kertomuksia.jpg\" alt=\"\" width=\"130\" height=\"x\" \/><\/a><\/p>\n<p>Monet suomalaisetkin ovat vapauduttuaan muistelleet pakkoty\u00f6leirien kauhuja. Mainittakoon Otavan vuonna 2016 julkaisema, Olavi Lempisen kirjaama inkeril\u00e4issyntyisen Veikko Piiparisen el\u00e4m\u00e4ntarina <em>Rautaesiripun takana<\/em>. Monipolvisen kertomuksen alaotsikko on &#8221;Kaukopartiosta Vorkutan vankileirille&#8221;.<\/p>\n<p>Kun halusin kammottavien vankileirikuvausten j\u00e4lkeen tuulettaa p\u00e4\u00e4t\u00e4ni, luin nelj\u00e4 Indrek Harglan dekkaria. Apteekkari Melchior avustaa viranomaisia henkiriikosten selvitt\u00e4misess\u00e4, ja tapahtumien n\u00e4ytt\u00e4m\u00f6n\u00e4 on keskiaikainen Tallinna. Ajan kuvaus on uskottavaa ja paikat p\u00e4\u00e4osin l\u00f6ydett\u00e4viss\u00e4 Tallinnan vanhassa osassa. <a href=\"https:\/\/www.veikkovasama.fi\/blogi\/?p=7052\">Linkki<\/a> blogitekstiin Melchior-dekkareista.<\/p>\n<p><a href=\"https:\/\/www.veikkovasama.fi\/tekstikuvat\/apteekki.jpg\" rel=\"lightbox[14475]\"><img decoding=\"async\" title=\"V\u00e4lipalaksi historiallisia dekkareita\" src=\"https:\/\/www.veikkovasama.fi\/tekstikuvat\/apteekki.jpg\" alt=\"\" width=\"180\" height=\"x\" \/><\/a><\/p>\n<p>Viroon liittyv\u00e4st\u00e4 kirjallisuudesta puhuttaessa viime aikojen mainittavin luku-urakka on Tammsaaren viisiosainen suurteos <em><a href=\"https:\/\/www.veikkovasama.fi\/tekstit\/?p=2855\">Totuus ja oikeus<\/a>. <\/em>Pidin lukemastani kovasti ja matkustin Tallinnaan n\u00e4hd\u00e4kseni teoksen ykk\u00f6sosan pohjalta v. 2019 valmistuneen suurelokuvan. Elokuva nousi Virossa nopeasti kaikkien aikojen katsotuimmaksi kotimaiseksi elokuvaksi. Voisi luulla, ett\u00e4 kassamagneetti kanattaisi tuoda my\u00f6s Suomen elokuvateattereihin!<\/p>\n<p>My\u00f6s kansalliskirjailija Tammsaaren j\u00e4lkeen kaipasin kevennyst\u00e4 ja t\u00e4h\u00e4n tarpeeseen vastasi Virossa syntynyt, mutta jo pitk\u00e4\u00e4n Suomessa asunut\u00a0 Antto Terras. Pidin varsinkin teoksesta <em>Helsinki-Tallinn Express, joka esittelee <\/em>&#8221;isoveljen&#8221; aivan uudessa valossa<em>. <\/em>Kieli on loistavaa ja ajatukset yll\u00e4tt\u00e4vi\u00e4.<\/p>\n","protected":false},"excerpt":{"rendered":"<p>Imbi Pajun kirja Torjutut muistot her\u00e4tti Joulukuussa 2015 kiinnostukseni Viron historiaan. Luin joukon tietokirjoja, ja niiden j\u00e4lkeen vaihdoin kaunokirjallisuuteen. Kiinnosti tiet\u00e4\u00e4, l\u00f6ytyyk\u00f6 Suomenlahden takaa vastine V\u00e4in\u00f6 Linnalle. En en\u00e4\u00e4 muista, mist\u00e4 sain virikkeen tarttua Jaan Krossin teoksiin. Aloitin novelleista ja ihan ensimm\u00e4inen kokoelma oli Silmien avaamisen p\u00e4iv\u00e4. Heti muutaman sivun luettuani huomasin, ett\u00e4 nyt kolahti [&hellip;]<\/p>\n","protected":false},"author":1,"featured_media":0,"comment_status":"closed","ping_status":"closed","sticky":false,"template":"","format":"standard","meta":{"footnotes":""},"categories":[6],"tags":[],"class_list":["post-2739","post","type-post","status-publish","format-standard","hentry","category-kirjallisuus-taide"],"_links":{"self":[{"href":"https:\/\/www.veikkovasama.fi\/tekstit\/index.php?rest_route=\/wp\/v2\/posts\/2739","targetHints":{"allow":["GET"]}}],"collection":[{"href":"https:\/\/www.veikkovasama.fi\/tekstit\/index.php?rest_route=\/wp\/v2\/posts"}],"about":[{"href":"https:\/\/www.veikkovasama.fi\/tekstit\/index.php?rest_route=\/wp\/v2\/types\/post"}],"author":[{"embeddable":true,"href":"https:\/\/www.veikkovasama.fi\/tekstit\/index.php?rest_route=\/wp\/v2\/users\/1"}],"replies":[{"embeddable":true,"href":"https:\/\/www.veikkovasama.fi\/tekstit\/index.php?rest_route=%2Fwp%2Fv2%2Fcomments&post=2739"}],"version-history":[{"count":77,"href":"https:\/\/www.veikkovasama.fi\/tekstit\/index.php?rest_route=\/wp\/v2\/posts\/2739\/revisions"}],"predecessor-version":[{"id":3461,"href":"https:\/\/www.veikkovasama.fi\/tekstit\/index.php?rest_route=\/wp\/v2\/posts\/2739\/revisions\/3461"}],"wp:attachment":[{"href":"https:\/\/www.veikkovasama.fi\/tekstit\/index.php?rest_route=%2Fwp%2Fv2%2Fmedia&parent=2739"}],"wp:term":[{"taxonomy":"category","embeddable":true,"href":"https:\/\/www.veikkovasama.fi\/tekstit\/index.php?rest_route=%2Fwp%2Fv2%2Fcategories&post=2739"},{"taxonomy":"post_tag","embeddable":true,"href":"https:\/\/www.veikkovasama.fi\/tekstit\/index.php?rest_route=%2Fwp%2Fv2%2Ftags&post=2739"}],"curies":[{"name":"wp","href":"https:\/\/api.w.org\/{rel}","templated":true}]}}