{"id":1776,"date":"2014-07-23T12:25:27","date_gmt":"2014-07-23T09:25:27","guid":{"rendered":"http:\/\/www.veikkovasama.fi\/tekstit\/?p=1776"},"modified":"2021-11-26T13:53:55","modified_gmt":"2021-11-26T11:53:55","slug":"yllytyshullu","status":"publish","type":"post","link":"https:\/\/www.veikkovasama.fi\/tekstit\/?p=1776","title":{"rendered":"R\u00e4j\u00e4ht\u00e4v\u00e4\u00e4 viihdett\u00e4 yllytyshulluille"},"content":{"rendered":"<p>Asetun suorituspaikalle, otan kirjan ja jatkan siit\u00e4 mihin viimeksi j\u00e4in. Sivun numero on 34:<\/p>\n<blockquote><p>Ole sin\u00e4 Alastalon Herman, Herman-Herman, min\u00e4 olen Pukkilan Petter, Petter-Petter, prikin sait, prikin penteleen sait, ennenkuin min\u00e4, tosi niin, mutta Usko on kaksi jalkaa pitempi kuin Siwi\u00e4, kaksi jalkaa pitempi, pitempi, perhana; rivin rakensit ennenkuin min\u00e4, Alastalon rivin, Pukkilan ripi on rakentamatta viel\u00e4, tosi noinkin, uusi ripi, uusi ripi rakentamatta-rakentamatta viel\u00e4-viel\u00e4 Pukkilassa-Pukkilassa, mutta sali on mitattu, perhana!<\/p><\/blockquote>\n<p>Ote kirjasta kirpoaa ja huomaan nukahtaneeni. R\u00e4pyttelen tarmokkaasti silmi\u00e4ni ja p\u00e4\u00e4t\u00e4n lukea kappaleen loppuun. Sek\u00e4\u00e4n ei onnistu: nukahdan uudelleen ennen kuin p\u00e4\u00e4sen edes sivun alalaitaan. Siit\u00e4 olisi ollut matkaa v\u00e4litavoitteeseen &#8211; siis kappaleen loppuun! &#8211; viel\u00e4 nelj\u00e4 ja puoli sivua.<\/p>\n<p>Tartuin Volter Kilven teokseen <em>Alastalon salissa <\/em>Juha Hurmeen yllytt\u00e4m\u00e4n\u00e4.&nbsp;Hurme ylist\u00e4\u00e4 Kilven suurromaania t\u00e4n\u00e4 vuonna julkaistussa teoksessaan <em>Nyljetyt ajatukset<\/em>. Monia muitakin unohdettuja kirjailijoita nostetaan esiin t\u00e4ss\u00e4 romaanissa, jonka taustakertomuksena on kes\u00e4inen souturetki Kustavista Hailuotoon.<\/p>\n<p>Jos Aimo ja K\u00f6pi olisivat soutaneet pohjoisesta etel\u00e4\u00e4n, hehkutukset olisi ehk\u00e4 aloitettu Matti H\u00e4llist\u00e4, ja Kilven vuoro olisi tullut vasta l\u00e4hestytt\u00e4ess\u00e4 kirjailijan taannoisia kotivesi\u00e4. Mutta kun n\u00e4in ei tehty, Hurme julistaa heti startissa, teoksensa ensimm\u00e4isell\u00e4 sivulla:<\/p>\n<blockquote><p>T\u00e4st\u00e4 on hyv\u00e4 l\u00e4hte\u00e4. T\u00e4st\u00e4 paikasta ja sen l\u00e4hiymp\u00e4rist\u00f6st\u00e4, Kustavin Lypert\u00f6n kyl\u00e4st\u00e4, on kirjoitettu maailman hauskin, j\u00e4nnitt\u00e4vin ja toiminnallisin kirja, 1800 sivua r\u00e4j\u00e4ht\u00e4v\u00e4\u00e4 viihdett\u00e4.<\/p><\/blockquote>\n<p>N\u00e4ytt\u00e4\u00e4 vahvasti silt\u00e4, ett\u00e4 kirja j\u00e4\u00e4 kesken. Onneksi en ole huudellut projektista l\u00e4hipiiri\u00e4 kauemmas. &#8221;Ai sit\u00e4 maailman pitk\u00e4veteisint\u00e4 kirjaa&#8221;, sisareni parkaisi kuultuaan asiasta. Oli kuulemma joutunut lukemaan kirjan koulussa, joka on syyt\u00e4 mainita nimelt\u00e4: Jyv\u00e4skyl\u00e4n normaalilyseo. Meill\u00e4 lyseossa ei tarvinnut.<\/p>\n<p>Vauhdittuisiko lukuel\u00e4mys, jos joutuisi autiolle saarelle ja&nbsp;<em>Alastalon salissa <\/em>olisi ainoa saatavilla oleva kirja? En usko: ainakin minun on pakko uskon vahvistukseksi lukea jotain muuta Kilven rinnalla.<\/p>\n<p><a href=\"https:\/\/www.veikkovasama.fi\/tekstikuvat\/kirjavaliot.jpg\" rel=\"lightbox[14475]\"><img decoding=\"async\" title=\"\" src=\"https:\/\/www.veikkovasama.fi\/tekstikuvat\/kirjavaliot.jpg\" alt=\"\" width=\"140\" height=\"x\"><\/a><\/p>\n<p>T\u00e4ss\u00e4 tarkoituksessa olen lukenut jo toistatuhatta sivua oheiskirjallisuutta, muun muassa kirppikselt\u00e4 l\u00f6yt\u00e4m\u00e4ni T<em>untemattoman sotilaan <\/em>taskupainoksen<em>. <\/em>Se olisi<em>&nbsp;<\/em>kannattanut s\u00e4\u00e4st\u00e4\u00e4 junassa luettavaksi, mutta mink\u00e4s teet kun teksti vei mukanaan. Kumma juttu: yhden kirjan lukee sujuvasti aina uudelleen, mutta toinen t\u00f6kk\u00e4\u00e4 alkuunsa. Jos kriitikoilta kysyt\u00e4\u00e4n, vika&nbsp;on lukijassa eik\u00e4 kirjassa&#8230;<\/p>\n<p>Sanomalehti&nbsp;Keskisuomalaisessa oli 21.7. iso juttu monitoimimies Juha Hurmeesta. Siin\u00e4 kerrottiin my\u00f6s soutukaveri Matti Rasista, kirjassa Aimo-nimell\u00e4 esiintyv\u00e4st\u00e4 suupaltista. Oikeasti veneess\u00e4 oltiin hiljaa.&nbsp;N\u00e4in Matti Rasi:<\/p>\n<blockquote><p>Kirja oli yll\u00e4tt\u00e4v\u00e4n hyv\u00e4. Ei me matkalla mit\u00e4\u00e4n puhuttu.<\/p><\/blockquote>\n<p>7\/2014<\/p>\n","protected":false},"excerpt":{"rendered":"<p>Asetun suorituspaikalle, otan kirjan ja jatkan siit\u00e4 mihin viimeksi j\u00e4in. Sivun numero on 34: Ole sin\u00e4 Alastalon Herman, Herman-Herman, min\u00e4 olen Pukkilan Petter, Petter-Petter, prikin sait, prikin penteleen sait, ennenkuin min\u00e4, tosi niin, mutta Usko on kaksi jalkaa pitempi kuin Siwi\u00e4, kaksi jalkaa pitempi, pitempi, perhana; rivin rakensit ennenkuin min\u00e4, Alastalon rivin, Pukkilan ripi on [&hellip;]<\/p>\n","protected":false},"author":1,"featured_media":0,"comment_status":"closed","ping_status":"closed","sticky":false,"template":"","format":"standard","meta":{"footnotes":""},"categories":[6],"tags":[],"class_list":["post-1776","post","type-post","status-publish","format-standard","hentry","category-kirjallisuus-taide"],"_links":{"self":[{"href":"https:\/\/www.veikkovasama.fi\/tekstit\/index.php?rest_route=\/wp\/v2\/posts\/1776","targetHints":{"allow":["GET"]}}],"collection":[{"href":"https:\/\/www.veikkovasama.fi\/tekstit\/index.php?rest_route=\/wp\/v2\/posts"}],"about":[{"href":"https:\/\/www.veikkovasama.fi\/tekstit\/index.php?rest_route=\/wp\/v2\/types\/post"}],"author":[{"embeddable":true,"href":"https:\/\/www.veikkovasama.fi\/tekstit\/index.php?rest_route=\/wp\/v2\/users\/1"}],"replies":[{"embeddable":true,"href":"https:\/\/www.veikkovasama.fi\/tekstit\/index.php?rest_route=%2Fwp%2Fv2%2Fcomments&post=1776"}],"version-history":[{"count":55,"href":"https:\/\/www.veikkovasama.fi\/tekstit\/index.php?rest_route=\/wp\/v2\/posts\/1776\/revisions"}],"predecessor-version":[{"id":4209,"href":"https:\/\/www.veikkovasama.fi\/tekstit\/index.php?rest_route=\/wp\/v2\/posts\/1776\/revisions\/4209"}],"wp:attachment":[{"href":"https:\/\/www.veikkovasama.fi\/tekstit\/index.php?rest_route=%2Fwp%2Fv2%2Fmedia&parent=1776"}],"wp:term":[{"taxonomy":"category","embeddable":true,"href":"https:\/\/www.veikkovasama.fi\/tekstit\/index.php?rest_route=%2Fwp%2Fv2%2Fcategories&post=1776"},{"taxonomy":"post_tag","embeddable":true,"href":"https:\/\/www.veikkovasama.fi\/tekstit\/index.php?rest_route=%2Fwp%2Fv2%2Ftags&post=1776"}],"curies":[{"name":"wp","href":"https:\/\/api.w.org\/{rel}","templated":true}]}}