{"id":1403,"date":"2014-06-23T22:16:06","date_gmt":"2014-06-23T19:16:06","guid":{"rendered":"http:\/\/www.veikkovasama.fi\/tekstit\/?p=1403"},"modified":"2021-11-26T13:58:05","modified_gmt":"2021-11-26T11:58:05","slug":"harjoitusretki-yli-jaatikon","status":"publish","type":"post","link":"https:\/\/www.veikkovasama.fi\/tekstit\/?p=1403","title":{"rendered":"Harjoitusretki yli j\u00e4\u00e4tik\u00f6n"},"content":{"rendered":"<p>Fridtjof Nansenin syksyll\u00e4 1888 yhdess\u00e4 Otto Sverdrupin ja nelj\u00e4n matkakumppanin kanssa tekem\u00e4 vaellus yli Gr\u00f6nlannin mannerj\u00e4\u00e4tik\u00f6n oli ensimm\u00e4inen laatuaan ja sik\u00e4li historiallinen. Se oli kuitenkin vasta harjoittelua vuosina 1893-96 toteutettua Fram-projektia varten.<\/p>\n<p>Nansen ryhmineen ylitti j\u00e4\u00e4tik\u00f6n id\u00e4st\u00e4 l\u00e4nteen, ja koko matkan vaikeimpia osuuksia oli p\u00e4\u00e4sy it\u00e4rannikon edustan ajoj\u00e4\u00e4vy\u00f6hykkeen l\u00e4pi rantaan. Varsinainen vaellus k\u00e4ynnistyi kuukautta suunniteltua my\u00f6hemmin ja parisataa kilometri\u00e4 etel\u00e4mp\u00e4\u00e4 kuin oli ollut tarkoitus. Kun my\u00f6s p\u00e4\u00e4tepistett\u00e4 muutettiin etel\u00e4isemm\u00e4ksi, reitti lyheni merkitt\u00e4v\u00e4sti.<\/p>\n<p><a href=\"https:\/\/www.veikkovasama.fi\/tekstikuvat\/jaatikkoretki.jpg\" rel=\"lightbox[15188]\"><img decoding=\"async\" title=\"Harjoitusretken reitti\" src=\"https:\/\/www.veikkovasama.fi\/tekstikuvat\/jaatikkoretki.jpg\" alt=\"\" width=\"130\" height=\"x\"><\/a><\/p>\n<p>Vaellus oli fyysisesti \u00e4\u00e4rimm\u00e4isen raskas ja t\u00e4ynn\u00e4 koettelemuksia, joista osa liittyi ravitsemukseen. Tanskasta tilatun pemmikaanin koostumus oli virheellinen, ja polttoaineeksi varattua spriit\u00e4 oli liian v\u00e4h\u00e4n, jotta lunta olisi voitu sulattaa riitt\u00e4v\u00e4sti juomavedeksi. N\u00e4in Nansen:<\/p>\n<blockquote><p>Kuten jo aikaisemmin olen maininnut, saimme erehdyksess\u00e4 mukaamme aivan liian v\u00e4h\u00e4n rasva-ainetta. T\u00e4llaisessa pakkasessa tarvitsimme paljon rasvaa ja my\u00f6hemmin k\u00e4rsimme suorastaan t\u00e4ydellist\u00e4 rasvann\u00e4lk\u00e4\u00e4.<\/p><\/blockquote>\n<p>Jos retki olisi kest\u00e4nyt kauemmin, tilanne olisi ep\u00e4ilem\u00e4tt\u00e4 k\u00e4ynyt kest\u00e4m\u00e4tt\u00f6m\u00e4ksi. Frans Josefin maalla talvehtiessaan Nansen ja Johansen s\u00f6iv\u00e4t p\u00e4\u00e4asiassa j\u00e4\u00e4karhun lihaa ja mursunrasvaa \u2013 ja tulivat loistavasti toimeen. Gr\u00f6nlannin sis\u00e4osissa ei ole riistaa ammuttavaksi.<\/p>\n<p>Jano piinasi miehi\u00e4 j\u00e4\u00e4tik\u00f6ll\u00e4 joka hetki, ja lopulta veden \u00e4\u00e4relle p\u00e4\u00e4sty\u00e4\u00e4n he joivat kuin kamelit:<\/p>\n<blockquote><p><em>Kun Ravna tuli teltalle ja kertoi l\u00f6yt\u00e4neens\u00e4 vett\u00e4, Balto otti peltilaatikon ja juoksi vesilammikolle. Siell\u00e4 h\u00e4nkin heitt\u00e4ytyi vatsalleen ja joi ja joi, veti v\u00e4lill\u00e4 henke\u00e4 ja joi taas.<\/em><\/p><\/blockquote>\n<p>Alkujaan retkelle oli tarkoitus ottaa muutamia poroja vet\u00e4m\u00e4\u00e4n varustereki\u00e4, mutta t\u00e4st\u00e4 suunnitelmasta luovuttiin ja miehet kiskoivat reki\u00e4 itse. Mukaan oli otettu suksien lis\u00e4ksi kahdenlaisia lumikenki\u00e4, mutta k\u00e4yt\u00e4nn\u00f6ss\u00e4 sukset osoittautuvat l\u00e4hes aina niit\u00e4 toimivammiksi. Lumikengille keksittiin muuta k\u00e4ytt\u00f6\u00e4:<\/p>\n<blockquote><p>Sen sijaan minusta oli hyv\u00e4 marssin kest\u00e4ess\u00e4 pureskella pient\u00e4 puupalasta. Se esti suuta kuivumasta ja tuntui jossakin m\u00e4\u00e4rin lievitt\u00e4v\u00e4n janoakin. Parhailta maistuivat norjalaisista lumikengist\u00e4 vuoleskellut tikut, sill\u00e4 ne olivat tuomesta. Sverdrup ja min\u00e4 k\u00e4ytimme t\u00e4ll\u00e4 tavoin suurimman osan lumikengist\u00e4mme.<\/p><\/blockquote>\n<p>Retken loppuvaiheissa tarvittiin merenkulkijakansan neuvokkuutta, kun piti p\u00e4\u00e4st\u00e4 vett\u00e4 pitkin vuonon pohjukasta l\u00e4himp\u00e4\u00e4n asuttuun kyl\u00e4\u00e4n. Nansen ja Sverdrup rakensivat \u201cveneenpuolikkaan\u201d telttakankaasta ja muista k\u00e4ytett\u00e4viss\u00e4 olevista tarveaineista ja meloivat sill\u00e4 ihmisten ilmoille. Muu joukko haettiin my\u00f6hemmin.<\/p>\n<p>Retkikunta joutui viett\u00e4m\u00e4\u00e4n talven Gr\u00f6nlannin rannikolla, mutta tieto retken onnistumisesta ehdittiin saada kauden viimeisen laivan mukana Tanskaan ja sielt\u00e4 Norjaan.<\/p>\n<p>Lainasin Nansenin kirjan <em>Hiiht\u00e4en poikki Gr\u00f6nlannin<\/em> Rovaniemen p\u00e4\u00e4kirjaston Lappi-osastolta. Klassikkokirjojen rinnalla hyllyss\u00e4 on kaksi kuvateosta, joissa kerrotaan suomalaisten retkist\u00e4 pohjois- ja etel\u00e4navalle.<\/p>\n<p>Silm\u00e4ilin varusteluetteloita ja mietin, mit\u00e4 Nansen niist\u00e4 sanoisi ja mit\u00e4 h\u00e4n olisi ottanut mukaansa Gr\u00f6nlannin-retkelleen, jos olisi saanut vapaasti valita. Luulenpa ett\u00e4 ykk\u00f6svalinta olisi ollut satelliittipuhelin!<br \/>\n7\/2013<\/p>\n<p><a href=\"https:\/\/www.veikkovasama.fi\/tekstikuvat\/lumikenka.jpg\" rel=\"lightbox[15188]\"><img decoding=\"async\" title=\"Norjalaismallinen lumikenk\u00e4\" src=\"https:\/\/www.veikkovasama.fi\/tekstikuvat\/lumikenka.jpg\" alt=\"\" width=\"180\" height=\"x\"><\/a><\/p>\n","protected":false},"excerpt":{"rendered":"<p>Fridtjof Nansenin syksyll\u00e4 1888 yhdess\u00e4 Otto Sverdrupin ja nelj\u00e4n matkakumppanin kanssa tekem\u00e4 vaellus yli Gr\u00f6nlannin mannerj\u00e4\u00e4tik\u00f6n oli ensimm\u00e4inen laatuaan ja sik\u00e4li historiallinen. Se oli kuitenkin vasta harjoittelua vuosina 1893-96 toteutettua Fram-projektia varten. Nansen ryhmineen ylitti j\u00e4\u00e4tik\u00f6n id\u00e4st\u00e4 l\u00e4nteen, ja koko matkan vaikeimpia osuuksia oli p\u00e4\u00e4sy it\u00e4rannikon edustan ajoj\u00e4\u00e4vy\u00f6hykkeen l\u00e4pi rantaan. Varsinainen vaellus k\u00e4ynnistyi kuukautta suunniteltua [&hellip;]<\/p>\n","protected":false},"author":1,"featured_media":0,"comment_status":"closed","ping_status":"closed","sticky":false,"template":"","format":"standard","meta":{"footnotes":""},"categories":[6],"tags":[],"class_list":["post-1403","post","type-post","status-publish","format-standard","hentry","category-kirjallisuus-taide"],"_links":{"self":[{"href":"https:\/\/www.veikkovasama.fi\/tekstit\/index.php?rest_route=\/wp\/v2\/posts\/1403","targetHints":{"allow":["GET"]}}],"collection":[{"href":"https:\/\/www.veikkovasama.fi\/tekstit\/index.php?rest_route=\/wp\/v2\/posts"}],"about":[{"href":"https:\/\/www.veikkovasama.fi\/tekstit\/index.php?rest_route=\/wp\/v2\/types\/post"}],"author":[{"embeddable":true,"href":"https:\/\/www.veikkovasama.fi\/tekstit\/index.php?rest_route=\/wp\/v2\/users\/1"}],"replies":[{"embeddable":true,"href":"https:\/\/www.veikkovasama.fi\/tekstit\/index.php?rest_route=%2Fwp%2Fv2%2Fcomments&post=1403"}],"version-history":[{"count":9,"href":"https:\/\/www.veikkovasama.fi\/tekstit\/index.php?rest_route=\/wp\/v2\/posts\/1403\/revisions"}],"predecessor-version":[{"id":4214,"href":"https:\/\/www.veikkovasama.fi\/tekstit\/index.php?rest_route=\/wp\/v2\/posts\/1403\/revisions\/4214"}],"wp:attachment":[{"href":"https:\/\/www.veikkovasama.fi\/tekstit\/index.php?rest_route=%2Fwp%2Fv2%2Fmedia&parent=1403"}],"wp:term":[{"taxonomy":"category","embeddable":true,"href":"https:\/\/www.veikkovasama.fi\/tekstit\/index.php?rest_route=%2Fwp%2Fv2%2Fcategories&post=1403"},{"taxonomy":"post_tag","embeddable":true,"href":"https:\/\/www.veikkovasama.fi\/tekstit\/index.php?rest_route=%2Fwp%2Fv2%2Ftags&post=1403"}],"curies":[{"name":"wp","href":"https:\/\/api.w.org\/{rel}","templated":true}]}}