{"id":338,"date":"2018-11-14T08:57:24","date_gmt":"2018-11-14T08:57:24","guid":{"rendered":"http:\/\/www.veikkovasama.fi\/digiportfoliot\/?p=338"},"modified":"2019-06-11T05:19:11","modified_gmt":"2019-06-11T05:19:11","slug":"jurmon-talvea-2","status":"publish","type":"post","link":"https:\/\/www.veikkovasama.fi\/digiportfoliot\/jurmon-talvea-2\/","title":{"rendered":"Jurmon talvea"},"content":{"rendered":"<!-- Final Tiles Grid Gallery for WordPress v3.6.6 free --><style>#ftg-77 .tile .icon { color:#ffffff; }#ftg-77 .ftg-items .loading-bar i { background:#666; }#ftg-77 .ftg-items .loading-bar { background:#fff; }#ftg-77 .tile .icon { font-size:12px; }#ftg-77 .tile .icon { margin: -6px 0 0 -6px; }#ftg-77 .tile .caption-block .text-wrapper span.text { font-size:12px; }#ftg-77 .tile .caption-outside .text-wrapper span.text { font-size:12px; }#ftg-77 .tile .caption-block .text-wrapper span.title { font-size:14px; }#ftg-77 .tile .caption-outside .text-wrapper span.title { font-size:14px; }#ftg-77 .tile { background-color: transparent; }#ftg-77 .tile .caption-block .text-wrapper span.text { color: #ffffff; }#ftg-77 .tile .caption-block .text-wrapper span.title { color: #ffffff; }#ftg-77 .tile .caption-outside .text-wrapper span.text { color: #ffffff; }#ftg-77 .tile .caption-outside .text-wrapper span.title { color: #ffffff; }#ftg-77 .tile .ftg-social a { color: #ffffff; }#ftg-77 .tile .caption-block { transition-timing-function:ease; }#ftg-77 .tile .caption-block { transition-duration:0.25s; }#ftg-77 .tile .tile-inner:before { background-color: #000000; }#ftg-77 .tile .tile-inner:before { background-color: rgba(0, 0, 0, 0.8); }#ftg-77 .tile:hover img {-moz-transform: ;-webkit-transform: ;-o-transform: ;-ms-transform: ;transform: ;}<\/style><a name=\"7\"><\/a><div class=\"final-tiles-gallery  ftg-hover-enabled caption-inside  caption-none caption-middle caption-center\" id=\"ftg-77\" style=\"width: 100%\"><div class='ftg-items'><div class='loading-bar'><i><\/i><\/div><div  class='tile ftg-preload  '><a title=\"Jurmoon matkustetaan Eivorilla\" data-lightbox='ftg-77' rel='ftg-77'  class=' tile-inner  ftg-lightbox' href='https:\/\/www.veikkovasama.fi\/digiportfoliot\/wp-content\/uploads\/2018\/11\/38-Eivor-l\u00e4htee-Jurmosta2-1-1024x686.jpg' ><img alt='Jurmoon matkustetaan Eivorilla' class='item skip-lazy' data-class='item' data-ftg-source='https:\/\/www.veikkovasama.fi\/digiportfoliot\/wp-content\/uploads\/2018\/11\/38-Eivor-l\u00e4htee-Jurmosta2-1-150x150.jpg' src='https:\/\/www.veikkovasama.fi\/digiportfoliot\/wp-content\/uploads\/2018\/11\/38-Eivor-l\u00e4htee-Jurmosta2-1-150x150.jpg' width='150' height='150' \/><div class='caption-block'><div class='text-wrapper'><span class='title'>Jurmoon matkustetaan Eivorilla<\/span><\/div><\/div><\/a><div class='ftg-social'><\/div><\/div><div  class='tile ftg-preload  '><a title=\"Jurmon maamerkki\" data-lightbox='ftg-77' rel='ftg-77'  class=' tile-inner  ftg-lightbox' href='https:\/\/www.veikkovasama.fi\/digiportfoliot\/wp-content\/uploads\/2018\/11\/02-Tuulimylly-la-1-1024x686.jpg' ><img alt='Jurmon maamerkki' class='item skip-lazy' data-class='item' data-ftg-source='http:\/\/www.veikkovasama.fi\/digiportfoliot\/wp-content\/uploads\/2018\/11\/02-Tuulimylly-la-1-150x150.jpg' src='http:\/\/www.veikkovasama.fi\/digiportfoliot\/wp-content\/uploads\/2018\/11\/02-Tuulimylly-la-1-150x150.jpg' width='2986' height='2000' \/><div class='caption-block'><div class='text-wrapper'><span class='title'>Jurmon maamerkki<\/span><\/div><\/div><\/a><div class='ftg-social'><\/div><\/div><div  class='tile ftg-preload  '><a title=\"Kuuluisa pihlaja\" data-lightbox='ftg-77' rel='ftg-77'  class=' tile-inner  ftg-lightbox' href='https:\/\/www.veikkovasama.fi\/digiportfoliot\/wp-content\/uploads\/2018\/11\/03-Jurmon-pihlaja2-1024x683.jpg' ><img alt='Kuuluisa pihlaja' class='item skip-lazy' data-class='item' data-ftg-source='http:\/\/www.veikkovasama.fi\/digiportfoliot\/wp-content\/uploads\/2018\/11\/03-Jurmon-pihlaja2-150x150.jpg' src='http:\/\/www.veikkovasama.fi\/digiportfoliot\/wp-content\/uploads\/2018\/11\/03-Jurmon-pihlaja2-150x150.jpg' width='2500' height='1667' \/><div class='caption-block'><div class='text-wrapper'><span class='title'>Kuuluisa pihlaja<\/span><span class='text'>Jurmo joulukuu 2012<\/span><\/div><\/div><\/a><div class='ftg-social'><\/div><\/div><div  class='tile ftg-preload  '><a title=\"Kivikossa j\u00e4ljet n\u00e4kyv\u00e4t pitk\u00e4\u00e4n\" data-lightbox='ftg-77' rel='ftg-77'  class=' tile-inner  ftg-lightbox' href='https:\/\/www.veikkovasama.fi\/digiportfoliot\/wp-content\/uploads\/2018\/11\/05-Auton-j\u00e4ljet-kivikossa-1024x662.jpg' ><img alt='Kivikossa j\u00e4ljet n\u00e4kyv\u00e4t pitk\u00e4\u00e4n' class='item skip-lazy' data-class='item' data-ftg-source='http:\/\/www.veikkovasama.fi\/digiportfoliot\/wp-content\/uploads\/2018\/11\/05-Auton-j\u00e4ljet-kivikossa-150x150.jpg' src='http:\/\/www.veikkovasama.fi\/digiportfoliot\/wp-content\/uploads\/2018\/11\/05-Auton-j\u00e4ljet-kivikossa-150x150.jpg' width='2500' height='1615' \/><div class='caption-block'><div class='text-wrapper'><span class='title'>Kivikossa j\u00e4ljet n\u00e4kyv\u00e4t pitk\u00e4\u00e4n<\/span><span class='text'>Jurmo joulukuu 2012<\/span><\/div><\/div><\/a><div class='ftg-social'><\/div><\/div><div  class='tile ftg-preload  '><a title=\"Tuulinen p\u00e4iv\u00e4\" data-lightbox='ftg-77' rel='ftg-77'  class=' tile-inner  ftg-lightbox' href='https:\/\/www.veikkovasama.fi\/digiportfoliot\/wp-content\/uploads\/2018\/11\/14-Kovaa-tuulta-1024x683.jpg' ><img alt='Tuulinen p\u00e4iv\u00e4' class='item skip-lazy' data-class='item' data-ftg-source='http:\/\/www.veikkovasama.fi\/digiportfoliot\/wp-content\/uploads\/2018\/11\/14-Kovaa-tuulta-150x150.jpg' src='http:\/\/www.veikkovasama.fi\/digiportfoliot\/wp-content\/uploads\/2018\/11\/14-Kovaa-tuulta-150x150.jpg' width='2500' height='1667' \/><div class='caption-block'><div class='text-wrapper'><span class='title'>Tuulinen p\u00e4iv\u00e4<\/span><span class='text'>Jurmo joulukuu 2012<\/span><\/div><\/div><\/a><div class='ftg-social'><\/div><\/div><div  class='tile ftg-preload  '><a title=\"Luonnollinen tuulimittari\" data-lightbox='ftg-77' rel='ftg-77'  class=' tile-inner  ftg-lightbox' href='https:\/\/www.veikkovasama.fi\/digiportfoliot\/wp-content\/uploads\/2018\/11\/Mittari-1024x734.jpg' ><img alt='Luonnollinen tuulimittari' class='item skip-lazy' data-class='item' data-ftg-source='http:\/\/www.veikkovasama.fi\/digiportfoliot\/wp-content\/uploads\/2018\/11\/Mittari-150x150.jpg' src='http:\/\/www.veikkovasama.fi\/digiportfoliot\/wp-content\/uploads\/2018\/11\/Mittari-150x150.jpg' width='2500' height='1792' \/><div class='caption-block'><div class='text-wrapper'><span class='title'>Luonnollinen tuulimittari<\/span><\/div><\/div><\/a><div class='ftg-social'><\/div><\/div><div  class='tile ftg-preload  '><a title=\"Kuvaaja kahvitauolla\" data-lightbox='ftg-77' rel='ftg-77'  class=' tile-inner  ftg-lightbox' href='https:\/\/www.veikkovasama.fi\/digiportfoliot\/wp-content\/uploads\/2018\/11\/04-Kahvitauko-kiven-suojassa-1-1024x686.jpg' ><img alt='Kuvaaja kahvitauolla' class='item skip-lazy' data-class='item' data-ftg-source='http:\/\/www.veikkovasama.fi\/digiportfoliot\/wp-content\/uploads\/2018\/11\/04-Kahvitauko-kiven-suojassa-1-150x150.jpg' src='http:\/\/www.veikkovasama.fi\/digiportfoliot\/wp-content\/uploads\/2018\/11\/04-Kahvitauko-kiven-suojassa-1-150x150.jpg' width='2500' height='1676' \/><div class='caption-block'><div class='text-wrapper'><span class='title'>Kuvaaja kahvitauolla<\/span><\/div><\/div><\/a><div class='ftg-social'><\/div><\/div><div  class='tile ftg-preload  '><a title=\"Kalavajan ikkuna\" data-lightbox='ftg-77' rel='ftg-77'  class=' tile-inner  ftg-lightbox' href='https:\/\/www.veikkovasama.fi\/digiportfoliot\/wp-content\/uploads\/2018\/11\/08-Vajan-ikkuna-1024x718.jpg' ><img alt='Kalavajan ikkuna' class='item skip-lazy' data-class='item' data-ftg-source='http:\/\/www.veikkovasama.fi\/digiportfoliot\/wp-content\/uploads\/2018\/11\/08-Vajan-ikkuna-150x150.jpg' src='http:\/\/www.veikkovasama.fi\/digiportfoliot\/wp-content\/uploads\/2018\/11\/08-Vajan-ikkuna-150x150.jpg' width='2500' height='1753' \/><div class='caption-block'><div class='text-wrapper'><span class='title'>Kalavajan ikkuna<\/span><span class='text'>Jurmo joulukuu 2012<\/span><\/div><\/div><\/a><div class='ftg-social'><\/div><\/div><div  class='tile ftg-preload  '><a title=\"Agneta Anderssonin hieno kirja\" data-lightbox='ftg-77' rel='ftg-77'  class=' tile-inner  ftg-lightbox' href='https:\/\/www.veikkovasama.fi\/digiportfoliot\/wp-content\/uploads\/2018\/11\/09-Jurmon-kyl\u00e4-1-970x1024.jpg' ><img alt='Agneta Anderssonin hieno kirja' class='item skip-lazy' data-class='item' data-ftg-source='http:\/\/www.veikkovasama.fi\/digiportfoliot\/wp-content\/uploads\/2018\/11\/09-Jurmon-kyl\u00e4-1-150x150.jpg' src='http:\/\/www.veikkovasama.fi\/digiportfoliot\/wp-content\/uploads\/2018\/11\/09-Jurmon-kyl\u00e4-1-150x150.jpg' width='1894' height='2000' \/><div class='caption-block'><div class='text-wrapper'><span class='title'>Agneta Anderssonin hieno kirja<\/span><\/div><\/div><\/a><div class='ftg-social'><\/div><\/div><div  class='tile ftg-preload  '><a title=\"Kikarsten ennen ja nyt. Vanha kuva: Timo Kirves 1994.\" data-lightbox='ftg-77' rel='ftg-77'  class=' tile-inner  ftg-lightbox' href='https:\/\/www.veikkovasama.fi\/digiportfoliot\/wp-content\/uploads\/2018\/11\/10-Kikarsten-yhd2-1-963x1024.jpg' ><img alt='Kikarsten ennen ja nyt. Vanha kuva: Timo Kirves 1994.' class='item skip-lazy' data-class='item' data-ftg-source='http:\/\/www.veikkovasama.fi\/digiportfoliot\/wp-content\/uploads\/2018\/11\/10-Kikarsten-yhd2-1-150x150.jpg' src='http:\/\/www.veikkovasama.fi\/digiportfoliot\/wp-content\/uploads\/2018\/11\/10-Kikarsten-yhd2-1-150x150.jpg' width='2500' height='2657' \/><div class='caption-block'><div class='text-wrapper'><span class='title'>Kikarsten ennen ja nyt. Vanha kuva: Timo Kirves 1994.<\/span><\/div><\/div><\/a><div class='ftg-social'><\/div><\/div><div  class='tile ftg-preload  '><a title=\"Jurmon m\u00e4nty v. 1990 ja 2012. Vanha kuva Aarni Nummilan; huomaa tunturip\u00f6ll\u00f6!\" data-lightbox='ftg-77' rel='ftg-77'  class=' tile-inner  ftg-lightbox' href='https:\/\/www.veikkovasama.fi\/digiportfoliot\/wp-content\/uploads\/2018\/11\/11-Ukuli-ja-Jurmon-m\u00e4nty2-1-1024x755.jpg' ><img alt='Jurmon m\u00e4nty v. 1990 ja 2012. Vanha kuva Aarni Nummilan; huomaa tunturip\u00f6ll\u00f6!' class='item skip-lazy' data-class='item' data-ftg-source='http:\/\/www.veikkovasama.fi\/digiportfoliot\/wp-content\/uploads\/2018\/11\/11-Ukuli-ja-Jurmon-m\u00e4nty2-1-150x150.jpg' src='http:\/\/www.veikkovasama.fi\/digiportfoliot\/wp-content\/uploads\/2018\/11\/11-Ukuli-ja-Jurmon-m\u00e4nty2-1-150x150.jpg' width='2500' height='1844' \/><div class='caption-block'><div class='text-wrapper'><span class='title'>Jurmon m\u00e4nty v. 1990 ja 2012. Vanha kuva Aarni Nummilan; huomaa tunturip\u00f6ll\u00f6!<\/span><\/div><\/div><\/a><div class='ftg-social'><\/div><\/div><div  class='tile ftg-preload  '><a title=\"Opastustupa \" data-lightbox='ftg-77' rel='ftg-77'  class=' tile-inner  ftg-lightbox' href='https:\/\/www.veikkovasama.fi\/digiportfoliot\/wp-content\/uploads\/2018\/11\/12-Opastustupa-1-1024x675.jpg' ><img alt='Opastustupa ' class='item skip-lazy' data-class='item' data-ftg-source='http:\/\/www.veikkovasama.fi\/digiportfoliot\/wp-content\/uploads\/2018\/11\/12-Opastustupa-1-150x150.jpg' src='http:\/\/www.veikkovasama.fi\/digiportfoliot\/wp-content\/uploads\/2018\/11\/12-Opastustupa-1-150x150.jpg' width='2500' height='1649' \/><div class='caption-block'><div class='text-wrapper'><span class='title'>Opastustupa <\/span><\/div><\/div><\/a><div class='ftg-social'><\/div><\/div><div  class='tile ftg-preload  '><a title=\"Norrgrannaksen kalavaja Sorgenissa\" data-lightbox='ftg-77' rel='ftg-77'  class=' tile-inner  ftg-lightbox' href='https:\/\/www.veikkovasama.fi\/digiportfoliot\/wp-content\/uploads\/2018\/11\/07-Sorgenin-kalamaja2-1-1024x668.jpg' ><img alt='Norrgrannaksen kalavaja Sorgenissa' class='item skip-lazy' data-class='item' data-ftg-source='http:\/\/www.veikkovasama.fi\/digiportfoliot\/wp-content\/uploads\/2018\/11\/07-Sorgenin-kalamaja2-1-150x150.jpg' src='http:\/\/www.veikkovasama.fi\/digiportfoliot\/wp-content\/uploads\/2018\/11\/07-Sorgenin-kalamaja2-1-150x150.jpg' width='3000' height='1958' \/><div class='caption-block'><div class='text-wrapper'><span class='title'>Norrgrannaksen kalavaja Sorgenissa<\/span><\/div><\/div><\/a><div class='ftg-social'><\/div><\/div><div  class='tile ftg-preload  '><a title=\"N\u00e4kym\u00e4 Sorgenista\" data-lightbox='ftg-77' rel='ftg-77'  class=' tile-inner  ftg-lightbox' href='https:\/\/www.veikkovasama.fi\/digiportfoliot\/wp-content\/uploads\/2018\/11\/13-Sorgenista-1-1024x756.jpg' ><img alt='N\u00e4kym\u00e4 Sorgenista' class='item skip-lazy' data-class='item' data-ftg-source='http:\/\/www.veikkovasama.fi\/digiportfoliot\/wp-content\/uploads\/2018\/11\/13-Sorgenista-1-150x150.jpg' src='http:\/\/www.veikkovasama.fi\/digiportfoliot\/wp-content\/uploads\/2018\/11\/13-Sorgenista-1-150x150.jpg' width='2500' height='1846' \/><div class='caption-block'><div class='text-wrapper'><span class='title'>N\u00e4kym\u00e4 Sorgenista<\/span><\/div><\/div><\/a><div class='ftg-social'><\/div><\/div><div  class='tile ftg-preload  '><a title=\"Itsen\u00e4isyysp\u00e4iv\u00e4 2012\" data-lightbox='ftg-77' rel='ftg-77'  class=' tile-inner  ftg-lightbox' href='https:\/\/www.veikkovasama.fi\/digiportfoliot\/wp-content\/uploads\/2018\/11\/Jurmon-liputus-1024x697.jpg' ><img alt='Itsen\u00e4isyysp\u00e4iv\u00e4 2012' class='item skip-lazy' data-class='item' data-ftg-source='http:\/\/www.veikkovasama.fi\/digiportfoliot\/wp-content\/uploads\/2018\/11\/Jurmon-liputus-150x150.jpg' src='http:\/\/www.veikkovasama.fi\/digiportfoliot\/wp-content\/uploads\/2018\/11\/Jurmon-liputus-150x150.jpg' width='2200' height='1498' \/><div class='caption-block'><div class='text-wrapper'><span class='title'>Itsen\u00e4isyysp\u00e4iv\u00e4 2012<\/span><span class='text'>Jurmo joulukuu 2012<\/span><\/div><\/div><\/a><div class='ftg-social'><\/div><\/div><div  class='tile ftg-preload  '><a title=\"Alkutalvea saaren l\u00e4nsiosassa\" data-lightbox='ftg-77' rel='ftg-77'  class=' tile-inner  ftg-lightbox' href='https:\/\/www.veikkovasama.fi\/digiportfoliot\/wp-content\/uploads\/2018\/11\/16-Sis\u00e4suo-vai-laguuni-1-1024x683.jpg' ><img alt='Alkutalvea saaren l\u00e4nsiosassa' class='item skip-lazy' data-class='item' data-ftg-source='http:\/\/www.veikkovasama.fi\/digiportfoliot\/wp-content\/uploads\/2018\/11\/16-Sis\u00e4suo-vai-laguuni-1-150x150.jpg' src='http:\/\/www.veikkovasama.fi\/digiportfoliot\/wp-content\/uploads\/2018\/11\/16-Sis\u00e4suo-vai-laguuni-1-150x150.jpg' width='2500' height='1667' \/><div class='caption-block'><div class='text-wrapper'><span class='title'>Alkutalvea saaren l\u00e4nsiosassa<\/span><\/div><\/div><\/a><div class='ftg-social'><\/div><\/div><div  class='tile ftg-preload  '><a title=\"Laulujoutsenia\" data-lightbox='ftg-77' rel='ftg-77'  class=' tile-inner  ftg-lightbox' href='https:\/\/www.veikkovasama.fi\/digiportfoliot\/wp-content\/uploads\/2018\/11\/25-Laulujoutsenperhe3-2-1024x641.jpg' ><img alt='Laulujoutsenia' class='item skip-lazy' data-class='item' data-ftg-source='http:\/\/www.veikkovasama.fi\/digiportfoliot\/wp-content\/uploads\/2018\/11\/25-Laulujoutsenperhe3-2-150x150.jpg' src='http:\/\/www.veikkovasama.fi\/digiportfoliot\/wp-content\/uploads\/2018\/11\/25-Laulujoutsenperhe3-2-150x150.jpg' width='2500' height='1564' \/><div class='caption-block'><div class='text-wrapper'><span class='title'>Laulujoutsenia<\/span><span class='text'>Jurmo joulukuu 2012<\/span><\/div><\/div><\/a><div class='ftg-social'><\/div><\/div><div  class='tile ftg-preload  '><a title=\"Kyhmyjoutsenet lennossa\" data-lightbox='ftg-77' rel='ftg-77'  class=' tile-inner  ftg-lightbox' href='https:\/\/www.veikkovasama.fi\/digiportfoliot\/wp-content\/uploads\/2018\/11\/21-Kyhm\u00e4rit-lennossa-1-1024x631.jpg' ><img alt='Kyhmyjoutsenet lennossa' class='item skip-lazy' data-class='item' data-ftg-source='http:\/\/www.veikkovasama.fi\/digiportfoliot\/wp-content\/uploads\/2018\/11\/21-Kyhm\u00e4rit-lennossa-1-150x150.jpg' src='http:\/\/www.veikkovasama.fi\/digiportfoliot\/wp-content\/uploads\/2018\/11\/21-Kyhm\u00e4rit-lennossa-1-150x150.jpg' width='3000' height='1848' \/><div class='caption-block'><div class='text-wrapper'><span class='title'>Kyhmyjoutsenet lennossa<\/span><\/div><\/div><\/a><div class='ftg-social'><\/div><\/div><div  class='tile ftg-preload  '><a title=\"Ornit t\u00e4hyst\u00e4v\u00e4t\" data-lightbox='ftg-77' rel='ftg-77'  class=' tile-inner  ftg-lightbox' href='https:\/\/www.veikkovasama.fi\/digiportfoliot\/wp-content\/uploads\/2018\/11\/17-Orneja-1024x644.jpg' ><img alt='Ornit t\u00e4hyst\u00e4v\u00e4t' class='item skip-lazy' data-class='item' data-ftg-source='http:\/\/www.veikkovasama.fi\/digiportfoliot\/wp-content\/uploads\/2018\/11\/17-Orneja-150x150.jpg' src='http:\/\/www.veikkovasama.fi\/digiportfoliot\/wp-content\/uploads\/2018\/11\/17-Orneja-150x150.jpg' width='2500' height='1573' \/><div class='caption-block'><div class='text-wrapper'><span class='title'>Ornit t\u00e4hyst\u00e4v\u00e4t<\/span><span class='text'>Jurmo joulukuu 2012<\/span><\/div><\/div><\/a><div class='ftg-social'><\/div><\/div><div  class='tile ftg-preload  '><a title=\"Merisirrej\u00e4\" data-lightbox='ftg-77' rel='ftg-77'  class=' tile-inner  ftg-lightbox' href='https:\/\/www.veikkovasama.fi\/digiportfoliot\/wp-content\/uploads\/2018\/11\/73-Merisirrit1-1024x765.jpg' ><img alt='Merisirrej\u00e4' class='item skip-lazy' data-class='item' data-ftg-source='http:\/\/www.veikkovasama.fi\/digiportfoliot\/wp-content\/uploads\/2018\/11\/73-Merisirrit1-150x150.jpg' src='http:\/\/www.veikkovasama.fi\/digiportfoliot\/wp-content\/uploads\/2018\/11\/73-Merisirrit1-150x150.jpg' width='2500' height='1868' \/><div class='caption-block'><div class='text-wrapper'><span class='title'>Merisirrej\u00e4<\/span><span class='text'>Jurmo joulukuu 2012<\/span><\/div><\/div><\/a><div class='ftg-social'><\/div><\/div><div  class='tile ftg-preload  '><a title=\"Merisirri\" data-lightbox='ftg-77' rel='ftg-77'  class=' tile-inner  ftg-lightbox' href='https:\/\/www.veikkovasama.fi\/digiportfoliot\/wp-content\/uploads\/2018\/11\/23-Merisirri1b-1024x727.jpg' ><img alt='Merisirri' class='item skip-lazy' data-class='item' data-ftg-source='http:\/\/www.veikkovasama.fi\/digiportfoliot\/wp-content\/uploads\/2018\/11\/23-Merisirri1b-150x150.jpg' src='http:\/\/www.veikkovasama.fi\/digiportfoliot\/wp-content\/uploads\/2018\/11\/23-Merisirri1b-150x150.jpg' width='2500' height='1776' \/><div class='caption-block'><div class='text-wrapper'><span class='title'>Merisirri<\/span><span class='text'>Jurmo joulukuu 2012<\/span><\/div><\/div><\/a><div class='ftg-social'><\/div><\/div><div  class='tile ftg-preload  '><a title=\"Rengastajien sirripyydyksi\u00e4\" data-lightbox='ftg-77' rel='ftg-77'  class=' tile-inner  ftg-lightbox' href='https:\/\/www.veikkovasama.fi\/digiportfoliot\/wp-content\/uploads\/2018\/11\/24-Katiskat-1024x686.jpg' ><img alt='Rengastajien sirripyydyksi\u00e4' class='item skip-lazy' data-class='item' data-ftg-source='http:\/\/www.veikkovasama.fi\/digiportfoliot\/wp-content\/uploads\/2018\/11\/24-Katiskat-150x150.jpg' src='http:\/\/www.veikkovasama.fi\/digiportfoliot\/wp-content\/uploads\/2018\/11\/24-Katiskat-150x150.jpg' width='2500' height='1675' \/><div class='caption-block'><div class='text-wrapper'><span class='title'>Rengastajien sirripyydyksi\u00e4<\/span><span class='text'>Jurmo joulukuu 2012<\/span><\/div><\/div><\/a><div class='ftg-social'><\/div><\/div><div  class='tile ftg-preload  '><a title=\"Lintuasema (takana Klasun navetta)\" data-lightbox='ftg-77' rel='ftg-77'  class=' tile-inner  ftg-lightbox' href='https:\/\/www.veikkovasama.fi\/digiportfoliot\/wp-content\/uploads\/2018\/11\/18-Lintuasema-1024x683.jpg' ><img alt='Lintuasema (takana Klasun navetta)' class='item skip-lazy' data-class='item' data-ftg-source='https:\/\/www.veikkovasama.fi\/digiportfoliot\/wp-content\/uploads\/2018\/11\/18-Lintuasema-150x150.jpg' src='https:\/\/www.veikkovasama.fi\/digiportfoliot\/wp-content\/uploads\/2018\/11\/18-Lintuasema-150x150.jpg' width='150' height='150' \/><div class='caption-block'><div class='text-wrapper'><span class='title'>Lintuasema (takana Klasun navetta)<\/span><\/div><\/div><\/a><div class='ftg-social'><\/div><\/div><div  class='tile ftg-preload  '><a title=\"Iltavaloja\" data-lightbox='ftg-77' rel='ftg-77'  class=' tile-inner  ftg-lightbox' href='https:\/\/www.veikkovasama.fi\/digiportfoliot\/wp-content\/uploads\/2018\/11\/27-Iltap\u00e4iv\u00e4n-valoilmi\u00f6-1024x683.jpg' ><img alt='Iltavaloja' class='item skip-lazy' data-class='item' data-ftg-source='http:\/\/www.veikkovasama.fi\/digiportfoliot\/wp-content\/uploads\/2018\/11\/27-Iltap\u00e4iv\u00e4n-valoilmi\u00f6-150x150.jpg' src='http:\/\/www.veikkovasama.fi\/digiportfoliot\/wp-content\/uploads\/2018\/11\/27-Iltap\u00e4iv\u00e4n-valoilmi\u00f6-150x150.jpg' width='2500' height='1667' \/><div class='caption-block'><div class='text-wrapper'><span class='title'>Iltavaloja<\/span><span class='text'>Jurmo joulukuu 2012<\/span><\/div><\/div><\/a><div class='ftg-social'><\/div><\/div><div  class='tile ftg-preload  '><a title=\"V\u00e4lkett\u00e4 merell\u00e4\" data-lightbox='ftg-77' rel='ftg-77'  class=' tile-inner  ftg-lightbox' href='https:\/\/www.veikkovasama.fi\/digiportfoliot\/wp-content\/uploads\/2018\/11\/30-Kimallusta-merell\u00e42-1024x646.jpg' ><img alt='V\u00e4lkett\u00e4 merell\u00e4' class='item skip-lazy' data-class='item' data-ftg-source='http:\/\/www.veikkovasama.fi\/digiportfoliot\/wp-content\/uploads\/2018\/11\/30-Kimallusta-merell\u00e42-150x150.jpg' src='http:\/\/www.veikkovasama.fi\/digiportfoliot\/wp-content\/uploads\/2018\/11\/30-Kimallusta-merell\u00e42-150x150.jpg' width='2500' height='1578' \/><div class='caption-block'><div class='text-wrapper'><span class='title'>V\u00e4lkett\u00e4 merell\u00e4<\/span><span class='text'>Jurmo joulukuu 2012<\/span><\/div><\/div><\/a><div class='ftg-social'><\/div><\/div><div  class='tile ftg-preload  '><a title=\"Satama illalla\" data-lightbox='ftg-77' rel='ftg-77'  class=' tile-inner  ftg-lightbox' href='https:\/\/www.veikkovasama.fi\/digiportfoliot\/wp-content\/uploads\/2018\/11\/29-Satama-illalla3-1024x513.jpg' ><img alt='Satama illalla' class='item skip-lazy' data-class='item' data-ftg-source='http:\/\/www.veikkovasama.fi\/digiportfoliot\/wp-content\/uploads\/2018\/11\/29-Satama-illalla3-150x150.jpg' src='http:\/\/www.veikkovasama.fi\/digiportfoliot\/wp-content\/uploads\/2018\/11\/29-Satama-illalla3-150x150.jpg' width='2500' height='1253' \/><div class='caption-block'><div class='text-wrapper'><span class='title'>Satama illalla<\/span><span class='text'>Jurmo joulukuu 2012<\/span><\/div><\/div><\/a><div class='ftg-social'><\/div><\/div><div  class='tile ftg-preload  '><a title=\"M\u00f6keiss\u00e4 on asukkaat\" data-lightbox='ftg-77' rel='ftg-77'  class=' tile-inner  ftg-lightbox' href='https:\/\/www.veikkovasama.fi\/digiportfoliot\/wp-content\/uploads\/2018\/11\/28-M\u00f6kit-illalla2-1024x663.jpg' ><img alt='M\u00f6keiss\u00e4 on asukkaat' class='item skip-lazy' data-class='item' data-ftg-source='http:\/\/www.veikkovasama.fi\/digiportfoliot\/wp-content\/uploads\/2018\/11\/28-M\u00f6kit-illalla2-150x150.jpg' src='http:\/\/www.veikkovasama.fi\/digiportfoliot\/wp-content\/uploads\/2018\/11\/28-M\u00f6kit-illalla2-150x150.jpg' width='2500' height='1618' \/><div class='caption-block'><div class='text-wrapper'><span class='title'>M\u00f6keiss\u00e4 on asukkaat<\/span><span class='text'>Jurmo joulukuu 2012<\/span><\/div><\/div><\/a><div class='ftg-social'><\/div><\/div><div  class='tile ftg-preload  '><a title=\"Maarit kalliolla\" data-lightbox='ftg-77' rel='ftg-77'  class=' tile-inner  ftg-lightbox' href='https:\/\/www.veikkovasama.fi\/digiportfoliot\/wp-content\/uploads\/2018\/11\/32-Maarit-kalliolla-1-1024x782.jpg' ><img alt='Maarit kalliolla' class='item skip-lazy' data-class='item' data-ftg-source='http:\/\/www.veikkovasama.fi\/digiportfoliot\/wp-content\/uploads\/2018\/11\/32-Maarit-kalliolla-1-150x150.jpg' src='http:\/\/www.veikkovasama.fi\/digiportfoliot\/wp-content\/uploads\/2018\/11\/32-Maarit-kalliolla-1-150x150.jpg' width='2500' height='1908' \/><div class='caption-block'><div class='text-wrapper'><span class='title'>Maarit kalliolla<\/span><\/div><\/div><\/a><div class='ftg-social'><\/div><\/div><div  class='tile ftg-preload  '><a title=\"Alpakka kurkkii\" data-lightbox='ftg-77' rel='ftg-77'  class=' tile-inner  ftg-lightbox' href='https:\/\/www.veikkovasama.fi\/digiportfoliot\/wp-content\/uploads\/2018\/11\/33-Alpakka-kurkkii2-1024x683.jpg' ><img alt='Alpakka kurkkii' class='item skip-lazy' data-class='item' data-ftg-source='http:\/\/www.veikkovasama.fi\/digiportfoliot\/wp-content\/uploads\/2018\/11\/33-Alpakka-kurkkii2-150x150.jpg' src='http:\/\/www.veikkovasama.fi\/digiportfoliot\/wp-content\/uploads\/2018\/11\/33-Alpakka-kurkkii2-150x150.jpg' width='2500' height='1667' \/><div class='caption-block'><div class='text-wrapper'><span class='title'>Alpakka kurkkii<\/span><span class='text'>Jurmo joulukuu 2012<\/span><\/div><\/div><\/a><div class='ftg-social'><\/div><\/div><div  class='tile ftg-preload  '><a title=\"Veikeit\u00e4 otuksia\" data-lightbox='ftg-77' rel='ftg-77'  class=' tile-inner  ftg-lightbox' href='https:\/\/www.veikkovasama.fi\/digiportfoliot\/wp-content\/uploads\/2018\/11\/34-Alpakat-1-788x1024.jpg' ><img alt='Veikeit\u00e4 otuksia' class='item skip-lazy' data-class='item' data-ftg-source='http:\/\/www.veikkovasama.fi\/digiportfoliot\/wp-content\/uploads\/2018\/11\/34-Alpakat-1-150x150.jpg' src='http:\/\/www.veikkovasama.fi\/digiportfoliot\/wp-content\/uploads\/2018\/11\/34-Alpakat-1-150x150.jpg' width='1540' height='2000' \/><div class='caption-block'><div class='text-wrapper'><span class='title'>Veikeit\u00e4 otuksia<\/span><\/div><\/div><\/a><div class='ftg-social'><\/div><\/div><div  class='tile ftg-preload  '><a title=\"Eivor saapuu Jurmoon\" data-lightbox='ftg-77' rel='ftg-77'  class=' tile-inner  ftg-lightbox' href='https:\/\/www.veikkovasama.fi\/digiportfoliot\/wp-content\/uploads\/2018\/11\/26-Eivor-saapuu-Jurmoon5-1024x683.jpg' ><img alt='Eivor saapuu Jurmoon' class='item skip-lazy' data-class='item' data-ftg-source='http:\/\/www.veikkovasama.fi\/digiportfoliot\/wp-content\/uploads\/2018\/11\/26-Eivor-saapuu-Jurmoon5-150x150.jpg' src='http:\/\/www.veikkovasama.fi\/digiportfoliot\/wp-content\/uploads\/2018\/11\/26-Eivor-saapuu-Jurmoon5-150x150.jpg' width='3000' height='2000' \/><div class='caption-block'><div class='text-wrapper'><span class='title'>Eivor saapuu Jurmoon<\/span><\/div><\/div><\/a><div class='ftg-social'><\/div><\/div><div  class='tile ftg-preload  '><a title=\"T\u00e4st\u00e4 noustaan maihin\" data-lightbox='ftg-77' rel='ftg-77'  class=' tile-inner  ftg-lightbox' href='https:\/\/www.veikkovasama.fi\/digiportfoliot\/wp-content\/uploads\/2018\/11\/37-Maihinnousu-Jurmoon-1-1024x716.jpg' ><img alt='T\u00e4st\u00e4 noustaan maihin' class='item skip-lazy' data-class='item' data-ftg-source='http:\/\/www.veikkovasama.fi\/digiportfoliot\/wp-content\/uploads\/2018\/11\/37-Maihinnousu-Jurmoon-1-150x150.jpg' src='http:\/\/www.veikkovasama.fi\/digiportfoliot\/wp-content\/uploads\/2018\/11\/37-Maihinnousu-Jurmoon-1-150x150.jpg' width='2861' height='2000' \/><div class='caption-block'><div class='text-wrapper'><span class='title'>T\u00e4st\u00e4 noustaan maihin<\/span><\/div><\/div><\/a><div class='ftg-social'><\/div><\/div><div  class='tile ftg-preload  '><a title=\"Per Mattsonin perustama pulllomuseo\" data-lightbox='ftg-77' rel='ftg-77'  class=' tile-inner  ftg-lightbox' href='https:\/\/www.veikkovasama.fi\/digiportfoliot\/wp-content\/uploads\/2018\/11\/36-Pullomuseo-1024x683.jpg' ><img alt='Per Mattsonin perustama pulllomuseo' class='item skip-lazy' data-class='item' data-ftg-source='http:\/\/www.veikkovasama.fi\/digiportfoliot\/wp-content\/uploads\/2018\/11\/36-Pullomuseo-150x150.jpg' src='http:\/\/www.veikkovasama.fi\/digiportfoliot\/wp-content\/uploads\/2018\/11\/36-Pullomuseo-150x150.jpg' width='2500' height='1667' \/><div class='caption-block'><div class='text-wrapper'><span class='title'>Per Mattsonin perustama pulllomuseo<\/span><span class='text'>Jurmo joulukuu 2012<\/span><\/div><\/div><\/a><div class='ftg-social'><\/div><\/div><div  class='tile ftg-preload  '><a title=\"Iltarusko\" data-lightbox='ftg-77' rel='ftg-77'  class=' tile-inner  ftg-lightbox' href='https:\/\/www.veikkovasama.fi\/digiportfoliot\/wp-content\/uploads\/2018\/11\/Iltarusko-1024x568.jpg' ><img alt='Iltarusko' class='item skip-lazy' data-class='item' data-ftg-source='http:\/\/www.veikkovasama.fi\/digiportfoliot\/wp-content\/uploads\/2018\/11\/Iltarusko-150x150.jpg' src='http:\/\/www.veikkovasama.fi\/digiportfoliot\/wp-content\/uploads\/2018\/11\/Iltarusko-150x150.jpg' width='2363' height='1311' \/><div class='caption-block'><div class='text-wrapper'><span class='title'>Iltarusko<\/span><\/div><\/div><\/a><div class='ftg-social'><\/div><\/div><div  class='tile ftg-preload  '><a title=\"Tervalepp\u00e4mets\u00e4\" data-lightbox='ftg-77' rel='ftg-77'  class=' tile-inner  ftg-lightbox' href='https:\/\/www.veikkovasama.fi\/digiportfoliot\/wp-content\/uploads\/2018\/11\/41-Tervalepp\u00e4mets\u00e4-1024x683.jpg' ><img alt='Tervalepp\u00e4mets\u00e4' class='item skip-lazy' data-class='item' data-ftg-source='http:\/\/www.veikkovasama.fi\/digiportfoliot\/wp-content\/uploads\/2018\/11\/41-Tervalepp\u00e4mets\u00e4-150x150.jpg' src='http:\/\/www.veikkovasama.fi\/digiportfoliot\/wp-content\/uploads\/2018\/11\/41-Tervalepp\u00e4mets\u00e4-150x150.jpg' width='2500' height='1667' \/><div class='caption-block'><div class='text-wrapper'><span class='title'>Tervalepp\u00e4mets\u00e4<\/span><span class='text'>Jurmo joulukuu 2012<\/span><\/div><\/div><\/a><div class='ftg-social'><\/div><\/div><div  class='tile ftg-preload  '><a title=\"Melkein tyynt\u00e4\" data-lightbox='ftg-77' rel='ftg-77'  class=' tile-inner  ftg-lightbox' href='https:\/\/www.veikkovasama.fi\/digiportfoliot\/wp-content\/uploads\/2018\/11\/40-Tyyni-meri-1024x651.jpg' ><img alt='Melkein tyynt\u00e4' class='item skip-lazy' data-class='item' data-ftg-source='http:\/\/www.veikkovasama.fi\/digiportfoliot\/wp-content\/uploads\/2018\/11\/40-Tyyni-meri-150x150.jpg' src='http:\/\/www.veikkovasama.fi\/digiportfoliot\/wp-content\/uploads\/2018\/11\/40-Tyyni-meri-150x150.jpg' width='2500' height='1590' \/><div class='caption-block'><div class='text-wrapper'><span class='title'>Melkein tyynt\u00e4<\/span><span class='text'>Jurmo joulukuu 2012<\/span><\/div><\/div><\/a><div class='ftg-social'><\/div><\/div><div  class='tile ftg-preload  '><a title=\"M\u00f6kkej\u00e4 merelt\u00e4 p\u00e4in\" data-lightbox='ftg-77' rel='ftg-77'  class=' tile-inner  ftg-lightbox' href='https:\/\/www.veikkovasama.fi\/digiportfoliot\/wp-content\/uploads\/2018\/11\/39-Ethels-bastu-Eivorolta-1024x373.jpg' ><img alt='M\u00f6kkej\u00e4 merelt\u00e4 p\u00e4in' class='item skip-lazy' data-class='item' data-ftg-source='http:\/\/www.veikkovasama.fi\/digiportfoliot\/wp-content\/uploads\/2018\/11\/39-Ethels-bastu-Eivorolta-150x150.jpg' src='http:\/\/www.veikkovasama.fi\/digiportfoliot\/wp-content\/uploads\/2018\/11\/39-Ethels-bastu-Eivorolta-150x150.jpg' width='2500' height='911' \/><div class='caption-block'><div class='text-wrapper'><span class='title'>M\u00f6kkej\u00e4 merelt\u00e4 p\u00e4in<\/span><span class='text'>Jurmo joulukuu 2012<\/span><\/div><\/div><\/a><div class='ftg-social'><\/div><\/div><div  class='tile ftg-preload  '><a title=\"J\u00e4\u00e4 kantaa\" data-lightbox='ftg-77' rel='ftg-77'  class=' tile-inner  ftg-lightbox' href='https:\/\/www.veikkovasama.fi\/digiportfoliot\/wp-content\/uploads\/2018\/11\/43-Lahden-yli-1-1024x751.jpg' ><img alt='J\u00e4\u00e4 kantaa' class='item skip-lazy' data-class='item' data-ftg-source='http:\/\/www.veikkovasama.fi\/digiportfoliot\/wp-content\/uploads\/2018\/11\/43-Lahden-yli-1-150x150.jpg' src='http:\/\/www.veikkovasama.fi\/digiportfoliot\/wp-content\/uploads\/2018\/11\/43-Lahden-yli-1-150x150.jpg' width='2500' height='1834' \/><div class='caption-block'><div class='text-wrapper'><span class='title'>J\u00e4\u00e4 kantaa<\/span><\/div><\/div><\/a><div class='ftg-social'><\/div><\/div><div  class='tile ftg-preload  '><a title=\"Rantaan ajautunut matkalaukku\" data-lightbox='ftg-77' rel='ftg-77'  class=' tile-inner  ftg-lightbox' href='https:\/\/www.veikkovasama.fi\/digiportfoliot\/wp-content\/uploads\/2018\/11\/44-Matkalaukku-1-1024x731.jpg' ><img alt='Rantaan ajautunut matkalaukku' class='item skip-lazy' data-class='item' data-ftg-source='http:\/\/www.veikkovasama.fi\/digiportfoliot\/wp-content\/uploads\/2018\/11\/44-Matkalaukku-1-150x150.jpg' src='http:\/\/www.veikkovasama.fi\/digiportfoliot\/wp-content\/uploads\/2018\/11\/44-Matkalaukku-1-150x150.jpg' width='2500' height='1785' \/><div class='caption-block'><div class='text-wrapper'><span class='title'>Rantaan ajautunut matkalaukku<\/span><\/div><\/div><\/a><div class='ftg-social'><\/div><\/div><div  class='tile ftg-preload  '><a title=\"Villisiasta ruokaa linnuille\" data-lightbox='ftg-77' rel='ftg-77'  class=' tile-inner  ftg-lightbox' href='https:\/\/www.veikkovasama.fi\/digiportfoliot\/wp-content\/uploads\/2018\/11\/45-Villisika1-1-1024x758.jpg' ><img alt='Villisiasta ruokaa linnuille' class='item skip-lazy' data-class='item' data-ftg-source='http:\/\/www.veikkovasama.fi\/digiportfoliot\/wp-content\/uploads\/2018\/11\/45-Villisika1-1-150x150.jpg' src='http:\/\/www.veikkovasama.fi\/digiportfoliot\/wp-content\/uploads\/2018\/11\/45-Villisika1-1-150x150.jpg' width='2500' height='1851' \/><div class='caption-block'><div class='text-wrapper'><span class='title'>Villisiasta ruokaa linnuille<\/span><\/div><\/div><\/a><div class='ftg-social'><\/div><\/div><div  class='tile ftg-preload  '><a title=\"Villisian alaleuka\" data-lightbox='ftg-77' rel='ftg-77'  class=' tile-inner  ftg-lightbox' href='https:\/\/www.veikkovasama.fi\/digiportfoliot\/wp-content\/uploads\/2018\/11\/46-Villisika2-1-1024x788.jpg' ><img alt='Villisian alaleuka' class='item skip-lazy' data-class='item' data-ftg-source='http:\/\/www.veikkovasama.fi\/digiportfoliot\/wp-content\/uploads\/2018\/11\/46-Villisika2-1-150x150.jpg' src='http:\/\/www.veikkovasama.fi\/digiportfoliot\/wp-content\/uploads\/2018\/11\/46-Villisika2-1-150x150.jpg' width='2500' height='1925' \/><div class='caption-block'><div class='text-wrapper'><span class='title'>Villisian alaleuka<\/span><\/div><\/div><\/a><div class='ftg-social'><\/div><\/div><div  class='tile ftg-preload  '><a title=\"Mallina Klasun webkamerassa\" data-lightbox='ftg-77' rel='ftg-77'  class=' tile-inner  ftg-lightbox' href='https:\/\/www.veikkovasama.fi\/digiportfoliot\/wp-content\/uploads\/2018\/11\/47-webcam-yhd-1-1024x764.jpg' ><img alt='Mallina Klasun webkamerassa' class='item skip-lazy' data-class='item' data-ftg-source='http:\/\/www.veikkovasama.fi\/digiportfoliot\/wp-content\/uploads\/2018\/11\/47-webcam-yhd-1-150x150.jpg' src='http:\/\/www.veikkovasama.fi\/digiportfoliot\/wp-content\/uploads\/2018\/11\/47-webcam-yhd-1-150x150.jpg' width='2681' height='2000' \/><div class='caption-block'><div class='text-wrapper'><span class='title'>Mallina Klasun webkamerassa<\/span><\/div><\/div><\/a><div class='ftg-social'><\/div><\/div><div  class='tile ftg-preload  '><a title=\"Eivor poikkesi Berghamnissa\" data-lightbox='ftg-77' rel='ftg-77'  class=' tile-inner  ftg-lightbox' href='https:\/\/www.veikkovasama.fi\/digiportfoliot\/wp-content\/uploads\/2018\/11\/48-V\u00e4yl\u00e4-Berghamniin-1-1024x768.jpg' ><img alt='Eivor poikkesi Berghamnissa' class='item skip-lazy' data-class='item' data-ftg-source='http:\/\/www.veikkovasama.fi\/digiportfoliot\/wp-content\/uploads\/2018\/11\/48-V\u00e4yl\u00e4-Berghamniin-1-150x150.jpg' src='http:\/\/www.veikkovasama.fi\/digiportfoliot\/wp-content\/uploads\/2018\/11\/48-V\u00e4yl\u00e4-Berghamniin-1-150x150.jpg' width='2667' height='2000' \/><div class='caption-block'><div class='text-wrapper'><span class='title'>Eivor poikkesi Berghamnissa<\/span><\/div><\/div><\/a><div class='ftg-social'><\/div><\/div><div  class='tile ftg-preload  '><a title=\"Fj\u00e4derkammare - ensimm\u00e4isen retken majapaikka\" data-lightbox='ftg-77' rel='ftg-77'  class=' tile-inner  ftg-lightbox' href='https:\/\/www.veikkovasama.fi\/digiportfoliot\/wp-content\/uploads\/2018\/11\/49-Fj\u00e4derkammare-1-1024x727.jpg' ><img alt='Fj\u00e4derkammare - ensimm\u00e4isen retken majapaikka' class='item skip-lazy' data-class='item' data-ftg-source='http:\/\/www.veikkovasama.fi\/digiportfoliot\/wp-content\/uploads\/2018\/11\/49-Fj\u00e4derkammare-1-150x150.jpg' src='http:\/\/www.veikkovasama.fi\/digiportfoliot\/wp-content\/uploads\/2018\/11\/49-Fj\u00e4derkammare-1-150x150.jpg' width='2818' height='2000' \/><div class='caption-block'><div class='text-wrapper'><span class='title'>Fj\u00e4derkammare - ensimm\u00e4isen retken majapaikka<\/span><\/div><\/div><\/a><div class='ftg-social'><\/div><\/div><div  class='tile ftg-preload  '><a title=\"Agnetan ja Nallen talo illalla\" data-lightbox='ftg-77' rel='ftg-77'  class=' tile-inner  ftg-lightbox' href='https:\/\/www.veikkovasama.fi\/digiportfoliot\/wp-content\/uploads\/2018\/11\/50-Agnetan-talo-1-1024x631.jpg' ><img alt='Agnetan ja Nallen talo illalla' class='item skip-lazy' data-class='item' data-ftg-source='http:\/\/www.veikkovasama.fi\/digiportfoliot\/wp-content\/uploads\/2018\/11\/50-Agnetan-talo-1-150x150.jpg' src='http:\/\/www.veikkovasama.fi\/digiportfoliot\/wp-content\/uploads\/2018\/11\/50-Agnetan-talo-1-150x150.jpg' width='2837' height='1747' \/><div class='caption-block'><div class='text-wrapper'><span class='title'>Agnetan ja Nallen talo illalla<\/span><\/div><\/div><\/a><div class='ftg-social'><\/div><\/div><div  class='tile ftg-preload  '><a title=\"Talo aamulla\" data-lightbox='ftg-77' rel='ftg-77'  class=' tile-inner  ftg-lightbox' href='https:\/\/www.veikkovasama.fi\/digiportfoliot\/wp-content\/uploads\/2018\/11\/51-Agnetan-ja-Nallen-talo-aamulla-1-1024x358.jpg' ><img alt='Talo aamulla' class='item skip-lazy' data-class='item' data-ftg-source='http:\/\/www.veikkovasama.fi\/digiportfoliot\/wp-content\/uploads\/2018\/11\/51-Agnetan-ja-Nallen-talo-aamulla-1-150x150.jpg' src='http:\/\/www.veikkovasama.fi\/digiportfoliot\/wp-content\/uploads\/2018\/11\/51-Agnetan-ja-Nallen-talo-aamulla-1-150x150.jpg' width='2500' height='873' \/><div class='caption-block'><div class='text-wrapper'><span class='title'>Talo aamulla<\/span><span class='text'>Jurmo joulukuu 2012<\/span><\/div><\/div><\/a><div class='ftg-social'><\/div><\/div><div  class='tile ftg-preload  '><a title=\"N\u00e4kym\u00e4 pohjoiseen\" data-lightbox='ftg-77' rel='ftg-77'  class=' tile-inner  ftg-lightbox' href='https:\/\/www.veikkovasama.fi\/digiportfoliot\/wp-content\/uploads\/2018\/11\/52-Aamupanoraama-pohjoiseen-1-1024x348.jpg' ><img alt='N\u00e4kym\u00e4 pohjoiseen' class='item skip-lazy' data-class='item' data-ftg-source='http:\/\/www.veikkovasama.fi\/digiportfoliot\/wp-content\/uploads\/2018\/11\/52-Aamupanoraama-pohjoiseen-1-150x150.jpg' src='http:\/\/www.veikkovasama.fi\/digiportfoliot\/wp-content\/uploads\/2018\/11\/52-Aamupanoraama-pohjoiseen-1-150x150.jpg' width='3000' height='1020' \/><div class='caption-block'><div class='text-wrapper'><span class='title'>N\u00e4kym\u00e4 pohjoiseen<\/span><\/div><\/div><\/a><div class='ftg-social'><\/div><\/div><div  class='tile ftg-preload  '><a title=\"N\u00e4kym\u00e4 kaakkoon\" data-lightbox='ftg-77' rel='ftg-77'  class=' tile-inner  ftg-lightbox' href='https:\/\/www.veikkovasama.fi\/digiportfoliot\/wp-content\/uploads\/2018\/11\/53-Aamupanoraama-kaakkoon-1-1024x396.jpg' ><img alt='N\u00e4kym\u00e4 kaakkoon' class='item skip-lazy' data-class='item' data-ftg-source='http:\/\/www.veikkovasama.fi\/digiportfoliot\/wp-content\/uploads\/2018\/11\/53-Aamupanoraama-kaakkoon-1-150x150.jpg' src='http:\/\/www.veikkovasama.fi\/digiportfoliot\/wp-content\/uploads\/2018\/11\/53-Aamupanoraama-kaakkoon-1-150x150.jpg' width='3000' height='1159' \/><div class='caption-block'><div class='text-wrapper'><span class='title'>N\u00e4kym\u00e4 kaakkoon<\/span><\/div><\/div><\/a><div class='ftg-social'><\/div><\/div><div  class='tile ftg-preload  '><a title=\"Lautasj\u00e4\u00e4t\u00e4\" data-lightbox='ftg-77' rel='ftg-77'  class=' tile-inner  ftg-lightbox' href='https:\/\/www.veikkovasama.fi\/digiportfoliot\/wp-content\/uploads\/2018\/11\/54-J\u00e4\u00e4lautasia-1-1024x683.jpg' ><img alt='Lautasj\u00e4\u00e4t\u00e4' class='item skip-lazy' data-class='item' data-ftg-source='http:\/\/www.veikkovasama.fi\/digiportfoliot\/wp-content\/uploads\/2018\/11\/54-J\u00e4\u00e4lautasia-1-150x150.jpg' src='http:\/\/www.veikkovasama.fi\/digiportfoliot\/wp-content\/uploads\/2018\/11\/54-J\u00e4\u00e4lautasia-1-150x150.jpg' width='3000' height='2000' \/><div class='caption-block'><div class='text-wrapper'><span class='title'>Lautasj\u00e4\u00e4t\u00e4<\/span><\/div><\/div><\/a><div class='ftg-social'><\/div><\/div><div  class='tile ftg-preload  '><a title=\"Kyhmyjoutsenia\" data-lightbox='ftg-77' rel='ftg-77'  class=' tile-inner  ftg-lightbox' href='https:\/\/www.veikkovasama.fi\/digiportfoliot\/wp-content\/uploads\/2018\/11\/56-Kyhm\u00e4rit-1-1024x683.jpg' ><img alt='Kyhmyjoutsenia' class='item skip-lazy' data-class='item' data-ftg-source='http:\/\/www.veikkovasama.fi\/digiportfoliot\/wp-content\/uploads\/2018\/11\/56-Kyhm\u00e4rit-1-150x150.jpg' src='http:\/\/www.veikkovasama.fi\/digiportfoliot\/wp-content\/uploads\/2018\/11\/56-Kyhm\u00e4rit-1-150x150.jpg' width='3000' height='2000' \/><div class='caption-block'><div class='text-wrapper'><span class='title'>Kyhmyjoutsenia<\/span><\/div><\/div><\/a><div class='ftg-social'><\/div><\/div><div  class='tile ftg-preload  '><a title=\"Munkinrengas\" data-lightbox='ftg-77' rel='ftg-77'  class=' tile-inner  ftg-lightbox' href='https:\/\/www.veikkovasama.fi\/digiportfoliot\/wp-content\/uploads\/2018\/11\/55-Munkkirengas3-1-1024x650.jpg' ><img alt='Munkinrengas' class='item skip-lazy' data-class='item' data-ftg-source='http:\/\/www.veikkovasama.fi\/digiportfoliot\/wp-content\/uploads\/2018\/11\/55-Munkkirengas3-1-150x150.jpg' src='http:\/\/www.veikkovasama.fi\/digiportfoliot\/wp-content\/uploads\/2018\/11\/55-Munkkirengas3-1-150x150.jpg' width='2500' height='1588' \/><div class='caption-block'><div class='text-wrapper'><span class='title'>Munkinrengas<\/span><span class='text'>Jurmo joulukuu 2012<\/span><\/div><\/div><\/a><div class='ftg-social'><\/div><\/div><div  class='tile ftg-preload  '><a title=\"Valoja merell\u00e4\" data-lightbox='ftg-77' rel='ftg-77'  class=' tile-inner  ftg-lightbox' href='https:\/\/www.veikkovasama.fi\/digiportfoliot\/wp-content\/uploads\/2018\/11\/57-Valoja-merell\u00e4-1-1024x683.jpg' ><img alt='Valoja merell\u00e4' class='item skip-lazy' data-class='item' data-ftg-source='http:\/\/www.veikkovasama.fi\/digiportfoliot\/wp-content\/uploads\/2018\/11\/57-Valoja-merell\u00e4-1-150x150.jpg' src='http:\/\/www.veikkovasama.fi\/digiportfoliot\/wp-content\/uploads\/2018\/11\/57-Valoja-merell\u00e4-1-150x150.jpg' width='3000' height='2000' \/><div class='caption-block'><div class='text-wrapper'><span class='title'>Valoja merell\u00e4<\/span><\/div><\/div><\/a><div class='ftg-social'><\/div><\/div><div  class='tile ftg-preload  '><a title=\"Kappeli\" data-lightbox='ftg-77' rel='ftg-77'  class=' tile-inner  ftg-lightbox' href='https:\/\/www.veikkovasama.fi\/digiportfoliot\/wp-content\/uploads\/2018\/11\/58-Kappeli-1-1024x690.jpg' ><img alt='Kappeli' class='item skip-lazy' data-class='item' data-ftg-source='http:\/\/www.veikkovasama.fi\/digiportfoliot\/wp-content\/uploads\/2018\/11\/58-Kappeli-1-150x150.jpg' src='http:\/\/www.veikkovasama.fi\/digiportfoliot\/wp-content\/uploads\/2018\/11\/58-Kappeli-1-150x150.jpg' width='2968' height='2000' \/><div class='caption-block'><div class='text-wrapper'><span class='title'>Kappeli<\/span><\/div><\/div><\/a><div class='ftg-social'><\/div><\/div><div  class='tile ftg-preload  '><a title=\"Kappelin porstuan penkki\" data-lightbox='ftg-77' rel='ftg-77'  class=' tile-inner  ftg-lightbox' href='https:\/\/www.veikkovasama.fi\/digiportfoliot\/wp-content\/uploads\/2018\/11\/59-Porstuan-penkki-1-1024x692.jpg' ><img alt='Kappelin porstuan penkki' class='item skip-lazy' data-class='item' data-ftg-source='http:\/\/www.veikkovasama.fi\/digiportfoliot\/wp-content\/uploads\/2018\/11\/59-Porstuan-penkki-1-150x150.jpg' src='http:\/\/www.veikkovasama.fi\/digiportfoliot\/wp-content\/uploads\/2018\/11\/59-Porstuan-penkki-1-150x150.jpg' width='2960' height='2000' \/><div class='caption-block'><div class='text-wrapper'><span class='title'>Kappelin porstuan penkki<\/span><\/div><\/div><\/a><div class='ftg-social'><\/div><\/div><div  class='tile ftg-preload  '><a title=\"Jurmon kappelin votiivilaiva\" data-lightbox='ftg-77' rel='ftg-77'  class=' tile-inner  ftg-lightbox' href='https:\/\/www.veikkovasama.fi\/digiportfoliot\/wp-content\/uploads\/2018\/11\/60-Jurmon-kappelin-laiva-1-1024x769.jpg' ><img alt='Jurmon kappelin votiivilaiva' class='item skip-lazy' data-class='item' data-ftg-source='http:\/\/www.veikkovasama.fi\/digiportfoliot\/wp-content\/uploads\/2018\/11\/60-Jurmon-kappelin-laiva-1-150x150.jpg' src='http:\/\/www.veikkovasama.fi\/digiportfoliot\/wp-content\/uploads\/2018\/11\/60-Jurmon-kappelin-laiva-1-150x150.jpg' width='2663' height='2000' \/><div class='caption-block'><div class='text-wrapper'><span class='title'>Jurmon kappelin votiivilaiva<\/span><\/div><\/div><\/a><div class='ftg-social'><\/div><\/div><\/div><\/div>\n","protected":false},"excerpt":{"rendered":"","protected":false},"author":1,"featured_media":569,"comment_status":"closed","ping_status":"closed","sticky":false,"template":"","format":"standard","meta":{"footnotes":""},"categories":[1],"tags":[],"class_list":["post-338","post","type-post","status-publish","format-standard","has-post-thumbnail","hentry","category-uncategorized"],"_links":{"self":[{"href":"https:\/\/www.veikkovasama.fi\/digiportfoliot\/wp-json\/wp\/v2\/posts\/338","targetHints":{"allow":["GET"]}}],"collection":[{"href":"https:\/\/www.veikkovasama.fi\/digiportfoliot\/wp-json\/wp\/v2\/posts"}],"about":[{"href":"https:\/\/www.veikkovasama.fi\/digiportfoliot\/wp-json\/wp\/v2\/types\/post"}],"author":[{"embeddable":true,"href":"https:\/\/www.veikkovasama.fi\/digiportfoliot\/wp-json\/wp\/v2\/users\/1"}],"replies":[{"embeddable":true,"href":"https:\/\/www.veikkovasama.fi\/digiportfoliot\/wp-json\/wp\/v2\/comments?post=338"}],"version-history":[{"count":4,"href":"https:\/\/www.veikkovasama.fi\/digiportfoliot\/wp-json\/wp\/v2\/posts\/338\/revisions"}],"predecessor-version":[{"id":589,"href":"https:\/\/www.veikkovasama.fi\/digiportfoliot\/wp-json\/wp\/v2\/posts\/338\/revisions\/589"}],"wp:featuredmedia":[{"embeddable":true,"href":"https:\/\/www.veikkovasama.fi\/digiportfoliot\/wp-json\/wp\/v2\/media\/569"}],"wp:attachment":[{"href":"https:\/\/www.veikkovasama.fi\/digiportfoliot\/wp-json\/wp\/v2\/media?parent=338"}],"wp:term":[{"taxonomy":"category","embeddable":true,"href":"https:\/\/www.veikkovasama.fi\/digiportfoliot\/wp-json\/wp\/v2\/categories?post=338"},{"taxonomy":"post_tag","embeddable":true,"href":"https:\/\/www.veikkovasama.fi\/digiportfoliot\/wp-json\/wp\/v2\/tags?post=338"}],"curies":[{"name":"wp","href":"https:\/\/api.w.org\/{rel}","templated":true}]}}