{"id":203,"date":"2018-11-11T13:08:58","date_gmt":"2018-11-11T13:08:58","guid":{"rendered":"http:\/\/www.veikkovasama.fi\/digiportfoliot\/?p=203"},"modified":"2026-02-15T15:30:30","modified_gmt":"2026-02-15T15:30:30","slug":"operaatio-paulaharju","status":"publish","type":"post","link":"https:\/\/www.veikkovasama.fi\/digiportfoliot\/operaatio-paulaharju\/","title":{"rendered":"Operaatio Paulaharju"},"content":{"rendered":"<!-- Final Tiles Grid Gallery for WordPress v3.6.6 free --><style>#ftg-55 .tile .icon { color:#ffffff; }#ftg-55 .ftg-items .loading-bar i { background:#666; }#ftg-55 .ftg-items .loading-bar { background:#fff; }#ftg-55 .tile .icon { font-size:12px; }#ftg-55 .tile .icon { margin: -6px 0 0 -6px; }#ftg-55 .tile .caption-block .text-wrapper span.text { font-size:12px; }#ftg-55 .tile .caption-outside .text-wrapper span.text { font-size:12px; }#ftg-55 .tile .caption-block .text-wrapper span.title { font-size:14px; }#ftg-55 .tile .caption-outside .text-wrapper span.title { font-size:14px; }#ftg-55 .tile { background-color: transparent; }#ftg-55 .tile .caption-block .text-wrapper span.text { color: #ffffff; }#ftg-55 .tile .caption-block .text-wrapper span.title { color: #ffffff; }#ftg-55 .tile .caption-outside .text-wrapper span.text { color: #ffffff; }#ftg-55 .tile .caption-outside .text-wrapper span.title { color: #ffffff; }#ftg-55 .tile .ftg-social a { color: #ffffff; }#ftg-55 .tile .caption-block { transition-timing-function:ease; }#ftg-55 .tile .caption-block { transition-duration:0.25s; }#ftg-55 .tile .tile-inner:before { background-color: #000000; }#ftg-55 .tile .tile-inner:before { background-color: rgba(0, 0, 0, 0.8); }#ftg-55 .tile:hover img {-moz-transform: ;-webkit-transform: ;-o-transform: ;-ms-transform: ;transform: ;}<\/style><a name=\"5\"><\/a><div class=\"final-tiles-gallery  ftg-hover-enabled caption-inside  caption-none caption-middle caption-center\" id=\"ftg-55\" style=\"width: 100%\"><div class='ftg-items'><div class='loading-bar'><i><\/i><\/div><div  class='tile ftg-preload  '><a title=\"Operaatio Paulaharjun (2014-2019) esityspaikat\" data-lightbox='ftg-55' rel='ftg-55'  class=' tile-inner  ftg-lightbox' href='https:\/\/www.veikkovasama.fi\/digiportfoliot\/wp-content\/uploads\/2019\/10\/paikat-1.jpg' ><img alt='Operaatio Paulaharjun (2014-2019) esityspaikat' class='item skip-lazy' data-class='item' data-ftg-source='https:\/\/www.veikkovasama.fi\/digiportfoliot\/wp-content\/uploads\/2019\/10\/paikat-1-150x150.jpg' src='https:\/\/www.veikkovasama.fi\/digiportfoliot\/wp-content\/uploads\/2019\/10\/paikat-1-150x150.jpg' width='150' height='150' \/><div class='caption-block'><div class='text-wrapper'><span class='text'>Operaatio Paulaharjun (2014-2019) esityspaikat<\/span><\/div><\/div><\/a><div class='ftg-social'><\/div><\/div><div  class='tile ftg-preload  '><a title=\"Teatterin mainos Hannukurun autiotuvalla\" data-lightbox='ftg-55' rel='ftg-55'  class=' tile-inner  ftg-lightbox' href='https:\/\/www.veikkovasama.fi\/digiportfoliot\/wp-content\/uploads\/2018\/11\/01-Teatterin-mainos2-2-1024x697.jpg' ><img alt='Teatterin mainos Hannukurun autiotuvalla' class='item skip-lazy' data-class='item' data-ftg-source='http:\/\/www.veikkovasama.fi\/digiportfoliot\/wp-content\/uploads\/2018\/11\/01-Teatterin-mainos2-2-150x150.jpg' src='http:\/\/www.veikkovasama.fi\/digiportfoliot\/wp-content\/uploads\/2018\/11\/01-Teatterin-mainos2-2-150x150.jpg' width='1623' height='1105' \/><div class='caption-block'><div class='text-wrapper'><span class='title'>Teatterin mainos Hannukurun autiotuvalla<\/span><\/div><\/div><\/a><div class='ftg-social'><\/div><\/div><div  class='tile ftg-preload  '><a title=\"Lampaanpyynti\u00e4 luhkalla\" data-lightbox='ftg-55' rel='ftg-55'  class=' tile-inner  ftg-lightbox' href='https:\/\/www.veikkovasama.fi\/digiportfoliot\/wp-content\/uploads\/2018\/11\/02-Lampaanpyynti\u00e4-1024x745.jpg' ><img alt='Lampaanpyynti\u00e4 luhkalla' class='item skip-lazy' data-class='item' data-ftg-source='http:\/\/www.veikkovasama.fi\/digiportfoliot\/wp-content\/uploads\/2018\/11\/02-Lampaanpyynti\u00e4-150x150.jpg' src='http:\/\/www.veikkovasama.fi\/digiportfoliot\/wp-content\/uploads\/2018\/11\/02-Lampaanpyynti\u00e4-150x150.jpg' width='1099' height='800' \/><div class='caption-block'><div class='text-wrapper'><span class='title'>Lampaanpyynti\u00e4 luhkalla<\/span><\/div><\/div><\/a><div class='ftg-social'><\/div><\/div><div  class='tile ftg-preload  '><a title=\"Jouluy\u00f6 turvekammissa\" data-lightbox='ftg-55' rel='ftg-55'  class=' tile-inner  ftg-lightbox' href='https:\/\/www.veikkovasama.fi\/digiportfoliot\/wp-content\/uploads\/2018\/11\/03-Jouluy\u00f6-1024x688.jpg' ><img alt='Jouluy\u00f6 turvekammissa' class='item skip-lazy' data-class='item' data-ftg-source='http:\/\/www.veikkovasama.fi\/digiportfoliot\/wp-content\/uploads\/2018\/11\/03-Jouluy\u00f6-150x150.jpg' src='http:\/\/www.veikkovasama.fi\/digiportfoliot\/wp-content\/uploads\/2018\/11\/03-Jouluy\u00f6-150x150.jpg' width='1190' height='800' \/><div class='caption-block'><div class='text-wrapper'><span class='title'>Jouluy\u00f6 turvekammissa<\/span><\/div><\/div><\/a><div class='ftg-social'><\/div><\/div><div  class='tile ftg-preload  '><a title=\"Talmulahden pappi vahtii niitty\u00e4\u00e4n\" data-lightbox='ftg-55' rel='ftg-55'  class=' tile-inner  ftg-lightbox' href='https:\/\/www.veikkovasama.fi\/digiportfoliot\/wp-content\/uploads\/2018\/11\/04-Pappi-ja-pyssy2.jpg' ><img alt='Talmulahden pappi vahtii niitty\u00e4\u00e4n' class='item skip-lazy' data-class='item' data-ftg-source='http:\/\/www.veikkovasama.fi\/digiportfoliot\/wp-content\/uploads\/2018\/11\/04-Pappi-ja-pyssy2-150x150.jpg' src='http:\/\/www.veikkovasama.fi\/digiportfoliot\/wp-content\/uploads\/2018\/11\/04-Pappi-ja-pyssy2-150x150.jpg' width='661' height='800' \/><div class='caption-block'><div class='text-wrapper'><span class='title'>Talmulahden pappi vahtii niitty\u00e4\u00e4n<\/span><\/div><\/div><\/a><div class='ftg-social'><\/div><\/div><div  class='tile ftg-preload  '><a title=\"Seurakunta taajoo\" data-lightbox='ftg-55' rel='ftg-55'  class=' tile-inner  ftg-lightbox' href='https:\/\/www.veikkovasama.fi\/digiportfoliot\/wp-content\/uploads\/2018\/11\/05-Seurakunta-rokkaa-1024x752.jpg' ><img alt='Seurakunta taajoo' class='item skip-lazy' data-class='item' data-ftg-source='http:\/\/www.veikkovasama.fi\/digiportfoliot\/wp-content\/uploads\/2018\/11\/05-Seurakunta-rokkaa-150x150.jpg' src='http:\/\/www.veikkovasama.fi\/digiportfoliot\/wp-content\/uploads\/2018\/11\/05-Seurakunta-rokkaa-150x150.jpg' width='1090' height='800' \/><div class='caption-block'><div class='text-wrapper'><span class='title'>Seurakunta taajoo<\/span><\/div><\/div><\/a><div class='ftg-social'><\/div><\/div><div  class='tile ftg-preload  '><a title=\"Matin soittopeli\" data-lightbox='ftg-55' rel='ftg-55'  class=' tile-inner  ftg-lightbox' href='https:\/\/www.veikkovasama.fi\/digiportfoliot\/wp-content\/uploads\/2018\/11\/06-Tehostemies-Matti-1024x697.jpg' ><img alt='Matin soittopeli' class='item skip-lazy' data-class='item' data-ftg-source='http:\/\/www.veikkovasama.fi\/digiportfoliot\/wp-content\/uploads\/2018\/11\/06-Tehostemies-Matti-150x150.jpg' src='http:\/\/www.veikkovasama.fi\/digiportfoliot\/wp-content\/uploads\/2018\/11\/06-Tehostemies-Matti-150x150.jpg' width='1176' height='800' \/><div class='caption-block'><div class='text-wrapper'><span class='title'>Matin soittopeli<\/span><\/div><\/div><\/a><div class='ftg-social'><\/div><\/div><div  class='tile ftg-preload  '><a title=\"Pappi vapaalla\" data-lightbox='ftg-55' rel='ftg-55'  class=' tile-inner  ftg-lightbox' href='https:\/\/www.veikkovasama.fi\/digiportfoliot\/wp-content\/uploads\/2018\/11\/07-Talmulahden-pappi-rentoutuu-1024x683.jpg' ><img alt='Pappi vapaalla' class='item skip-lazy' data-class='item' data-ftg-source='http:\/\/www.veikkovasama.fi\/digiportfoliot\/wp-content\/uploads\/2018\/11\/07-Talmulahden-pappi-rentoutuu-150x150.jpg' src='http:\/\/www.veikkovasama.fi\/digiportfoliot\/wp-content\/uploads\/2018\/11\/07-Talmulahden-pappi-rentoutuu-150x150.jpg' width='1199' height='800' \/><div class='caption-block'><div class='text-wrapper'><span class='title'>Pappi vapaalla<\/span><\/div><\/div><\/a><div class='ftg-social'><\/div><\/div><div  class='tile ftg-preload  '><a title=\"Yleis\u00f6 ja esiintyj\u00e4t Hannukurussa\" data-lightbox='ftg-55' rel='ftg-55'  class=' tile-inner  ftg-lightbox' href='https:\/\/www.veikkovasama.fi\/digiportfoliot\/wp-content\/uploads\/2018\/11\/08-Yleis\u00f6-ja-esiintyj\u00e4t-1024x620.jpg' ><img alt='Yleis\u00f6 ja esiintyj\u00e4t Hannukurussa' class='item skip-lazy' data-class='item' data-ftg-source='http:\/\/www.veikkovasama.fi\/digiportfoliot\/wp-content\/uploads\/2018\/11\/08-Yleis\u00f6-ja-esiintyj\u00e4t-150x150.jpg' src='http:\/\/www.veikkovasama.fi\/digiportfoliot\/wp-content\/uploads\/2018\/11\/08-Yleis\u00f6-ja-esiintyj\u00e4t-150x150.jpg' width='1200' height='727' \/><div class='caption-block'><div class='text-wrapper'><span class='title'>Yleis\u00f6 ja esiintyj\u00e4t Hannukurussa<\/span><\/div><\/div><\/a><div class='ftg-social'><\/div><\/div><div  class='tile ftg-preload  '><a title=\"Juha t\u00e4hdent\u00e4\u00e4\" data-lightbox='ftg-55' rel='ftg-55'  class=' tile-inner  ftg-lightbox' href='https:\/\/www.veikkovasama.fi\/digiportfoliot\/wp-content\/uploads\/2018\/11\/09-Juhan-sormi-1024x782.jpg' ><img alt='Juha t\u00e4hdent\u00e4\u00e4' class='item skip-lazy' data-class='item' data-ftg-source='http:\/\/www.veikkovasama.fi\/digiportfoliot\/wp-content\/uploads\/2018\/11\/09-Juhan-sormi-150x150.jpg' src='http:\/\/www.veikkovasama.fi\/digiportfoliot\/wp-content\/uploads\/2018\/11\/09-Juhan-sormi-150x150.jpg' width='1047' height='800' \/><div class='caption-block'><div class='text-wrapper'><span class='title'>Juha t\u00e4hdent\u00e4\u00e4<\/span><\/div><\/div><\/a><div class='ftg-social'><\/div><\/div><div  class='tile ftg-preload  '><a title=\"Aapa-Juntti\" data-lightbox='ftg-55' rel='ftg-55'  class=' tile-inner  ftg-lightbox' href='https:\/\/www.veikkovasama.fi\/digiportfoliot\/wp-content\/uploads\/2018\/11\/10-Aapa-Juntti-1024x749.jpg' ><img alt='Aapa-Juntti' class='item skip-lazy' data-class='item' data-ftg-source='http:\/\/www.veikkovasama.fi\/digiportfoliot\/wp-content\/uploads\/2018\/11\/10-Aapa-Juntti-150x150.jpg' src='http:\/\/www.veikkovasama.fi\/digiportfoliot\/wp-content\/uploads\/2018\/11\/10-Aapa-Juntti-150x150.jpg' width='1094' height='800' \/><div class='caption-block'><div class='text-wrapper'><span class='title'>Aapa-Juntti<\/span><\/div><\/div><\/a><div class='ftg-social'><\/div><\/div><div  class='tile ftg-preload  '><a title=\"Kinis-Tuomas\" data-lightbox='ftg-55' rel='ftg-55'  class=' tile-inner  ftg-lightbox' href='https:\/\/www.veikkovasama.fi\/digiportfoliot\/wp-content\/uploads\/2018\/11\/12-Kinis-Tuomas-1024x727.jpg' ><img alt='Kinis-Tuomas' class='item skip-lazy' data-class='item' data-ftg-source='http:\/\/www.veikkovasama.fi\/digiportfoliot\/wp-content\/uploads\/2018\/11\/12-Kinis-Tuomas-150x150.jpg' src='http:\/\/www.veikkovasama.fi\/digiportfoliot\/wp-content\/uploads\/2018\/11\/12-Kinis-Tuomas-150x150.jpg' width='1127' height='800' \/><div class='caption-block'><div class='text-wrapper'><span class='title'>Kinis-Tuomas<\/span><\/div><\/div><\/a><div class='ftg-social'><\/div><\/div><div  class='tile ftg-preload  '><a title=\"Kauppamies Skankken tehokaivajat\" data-lightbox='ftg-55' rel='ftg-55'  class=' tile-inner  ftg-lightbox' href='https:\/\/www.veikkovasama.fi\/digiportfoliot\/wp-content\/uploads\/2018\/11\/11-Tehokaivajat.jpg' ><img alt='Kauppamies Skankken tehokaivajat' class='item skip-lazy' data-class='item' data-ftg-source='http:\/\/www.veikkovasama.fi\/digiportfoliot\/wp-content\/uploads\/2018\/11\/11-Tehokaivajat-150x150.jpg' src='http:\/\/www.veikkovasama.fi\/digiportfoliot\/wp-content\/uploads\/2018\/11\/11-Tehokaivajat-150x150.jpg' width='610' height='800' \/><div class='caption-block'><div class='text-wrapper'><span class='title'>Kauppamies Skankken tehokaivajat<\/span><\/div><\/div><\/a><div class='ftg-social'><\/div><\/div><div  class='tile ftg-preload  '><a title=\"Papin haavoittama poro\" data-lightbox='ftg-55' rel='ftg-55'  class=' tile-inner  ftg-lightbox' href='https:\/\/www.veikkovasama.fi\/digiportfoliot\/wp-content\/uploads\/2018\/11\/13-Ammuttu-poro-1024x749.jpg' ><img alt='Papin haavoittama poro' class='item skip-lazy' data-class='item' data-ftg-source='http:\/\/www.veikkovasama.fi\/digiportfoliot\/wp-content\/uploads\/2018\/11\/13-Ammuttu-poro-150x150.jpg' src='http:\/\/www.veikkovasama.fi\/digiportfoliot\/wp-content\/uploads\/2018\/11\/13-Ammuttu-poro-150x150.jpg' width='1093' height='800' \/><div class='caption-block'><div class='text-wrapper'><span class='title'>Papin haavoittama poro<\/span><\/div><\/div><\/a><div class='ftg-social'><\/div><\/div><div  class='tile ftg-preload  '><a title=\"Pappi pakeni paineita Talmulahteen\" data-lightbox='ftg-55' rel='ftg-55'  class=' tile-inner  ftg-lightbox' href='https:\/\/www.veikkovasama.fi\/digiportfoliot\/wp-content\/uploads\/2018\/11\/14-Pappi-vedess\u00e4-1024x683.jpg' ><img alt='Pappi pakeni paineita Talmulahteen' class='item skip-lazy' data-class='item' data-ftg-source='http:\/\/www.veikkovasama.fi\/digiportfoliot\/wp-content\/uploads\/2018\/11\/14-Pappi-vedess\u00e4-150x150.jpg' src='http:\/\/www.veikkovasama.fi\/digiportfoliot\/wp-content\/uploads\/2018\/11\/14-Pappi-vedess\u00e4-150x150.jpg' width='1199' height='800' \/><div class='caption-block'><div class='text-wrapper'><span class='title'>Pappi pakeni paineita Talmulahteen<\/span><\/div><\/div><\/a><div class='ftg-social'><\/div><\/div><div  class='tile ftg-preload  '><a title=\"Ravadaskordsi\" data-lightbox='ftg-55' rel='ftg-55'  class=' tile-inner  ftg-lightbox' href='https:\/\/www.veikkovasama.fi\/digiportfoliot\/wp-content\/uploads\/2018\/11\/15-Ravadaskordsi.jpg' ><img alt='Ravadaskordsi' class='item skip-lazy' data-class='item' data-ftg-source='http:\/\/www.veikkovasama.fi\/digiportfoliot\/wp-content\/uploads\/2018\/11\/15-Ravadaskordsi-150x150.jpg' src='http:\/\/www.veikkovasama.fi\/digiportfoliot\/wp-content\/uploads\/2018\/11\/15-Ravadaskordsi-150x150.jpg' width='583' height='800' \/><div class='caption-block'><div class='text-wrapper'><span class='title'>Ravadaskordsi<\/span><\/div><\/div><\/a><div class='ftg-social'><\/div><\/div><div  class='tile ftg-preload  '><a title=\"Paluumatka Veikon veneell\u00e4\" data-lightbox='ftg-55' rel='ftg-55'  class=' tile-inner  ftg-lightbox' href='https:\/\/www.veikkovasama.fi\/digiportfoliot\/wp-content\/uploads\/2018\/11\/16-Veneess\u00e42-1024x752.jpg' ><img alt='Paluumatka Veikon veneell\u00e4' class='item skip-lazy' data-class='item' data-ftg-source='http:\/\/www.veikkovasama.fi\/digiportfoliot\/wp-content\/uploads\/2018\/11\/16-Veneess\u00e42-150x150.jpg' src='http:\/\/www.veikkovasama.fi\/digiportfoliot\/wp-content\/uploads\/2018\/11\/16-Veneess\u00e42-150x150.jpg' width='1090' height='800' \/><div class='caption-block'><div class='text-wrapper'><span class='title'>Paluumatka Veikon veneell\u00e4<\/span><\/div><\/div><\/a><div class='ftg-social'><\/div><\/div><div  class='tile ftg-preload  '><a title=\"Ensi-ilta Akukammilla\" data-lightbox='ftg-55' rel='ftg-55'  class=' tile-inner  ftg-lightbox' href='https:\/\/www.veikkovasama.fi\/digiportfoliot\/wp-content\/uploads\/2018\/11\/17-Ensi-ilta-Akukammilla-uusi-1024x622.jpg' ><img alt='Ensi-ilta Akukammilla' class='item skip-lazy' data-class='item' data-ftg-source='http:\/\/www.veikkovasama.fi\/digiportfoliot\/wp-content\/uploads\/2018\/11\/17-Ensi-ilta-Akukammilla-uusi-150x150.jpg' src='http:\/\/www.veikkovasama.fi\/digiportfoliot\/wp-content\/uploads\/2018\/11\/17-Ensi-ilta-Akukammilla-uusi-150x150.jpg' width='2500' height='1519' \/><div class='caption-block'><div class='text-wrapper'><span class='title'>Ensi-ilta Akukammilla<\/span><\/div><\/div><\/a><div class='ftg-social'><\/div><\/div><div  class='tile ftg-preload  '><a title=\"Esiintyj\u00e4t ja yleis\u00f6\" data-lightbox='ftg-55' rel='ftg-55'  class=' tile-inner  ftg-lightbox' href='https:\/\/www.veikkovasama.fi\/digiportfoliot\/wp-content\/uploads\/2018\/11\/003-Suongil-keitt\u00e4\u00e43-1024x708.jpg' ><img alt='Esiintyj\u00e4t ja yleis\u00f6' class='item skip-lazy' data-class='item' data-ftg-source='http:\/\/www.veikkovasama.fi\/digiportfoliot\/wp-content\/uploads\/2018\/11\/003-Suongil-keitt\u00e4\u00e43-150x150.jpg' src='http:\/\/www.veikkovasama.fi\/digiportfoliot\/wp-content\/uploads\/2018\/11\/003-Suongil-keitt\u00e4\u00e43-150x150.jpg' width='2500' height='1729' \/><div class='caption-block'><div class='text-wrapper'><span class='title'>Esiintyj\u00e4t ja yleis\u00f6<\/span><\/div><\/div><\/a><div class='ftg-social'><\/div><\/div><div  class='tile ftg-preload  '><a title=\"Keitto yll\u00e4tt\u00e4\u00e4 Suongilin\" data-lightbox='ftg-55' rel='ftg-55'  class=' tile-inner  ftg-lightbox' href='https:\/\/www.veikkovasama.fi\/digiportfoliot\/wp-content\/uploads\/2018\/11\/19-Keitto-kiehui-yli-1024x700.jpg' ><img alt='Keitto yll\u00e4tt\u00e4\u00e4 Suongilin' class='item skip-lazy' data-class='item' data-ftg-source='http:\/\/www.veikkovasama.fi\/digiportfoliot\/wp-content\/uploads\/2018\/11\/19-Keitto-kiehui-yli-150x150.jpg' src='http:\/\/www.veikkovasama.fi\/digiportfoliot\/wp-content\/uploads\/2018\/11\/19-Keitto-kiehui-yli-150x150.jpg' width='1170' height='800' \/><div class='caption-block'><div class='text-wrapper'><span class='title'>Keitto yll\u00e4tt\u00e4\u00e4 Suongilin<\/span><\/div><\/div><\/a><div class='ftg-social'><\/div><\/div><div  class='tile ftg-preload  '><a title=\"Metso haastaa tarkkuusammuntaan\" data-lightbox='ftg-55' rel='ftg-55'  class=' tile-inner  ftg-lightbox' href='https:\/\/www.veikkovasama.fi\/digiportfoliot\/wp-content\/uploads\/2018\/11\/20-Metso-haastaa-Suongilin.jpg' ><img alt='Metso haastaa tarkkuusammuntaan' class='item skip-lazy' data-class='item' data-ftg-source='http:\/\/www.veikkovasama.fi\/digiportfoliot\/wp-content\/uploads\/2018\/11\/20-Metso-haastaa-Suongilin-150x150.jpg' src='http:\/\/www.veikkovasama.fi\/digiportfoliot\/wp-content\/uploads\/2018\/11\/20-Metso-haastaa-Suongilin-150x150.jpg' width='670' height='800' \/><div class='caption-block'><div class='text-wrapper'><span class='title'>Metso haastaa tarkkuusammuntaan<\/span><\/div><\/div><\/a><div class='ftg-social'><\/div><\/div><div  class='tile ftg-preload  '><a title=\"Pappi ampuu, porot pakenevat\" data-lightbox='ftg-55' rel='ftg-55'  class=' tile-inner  ftg-lightbox' href='https:\/\/www.veikkovasama.fi\/digiportfoliot\/wp-content\/uploads\/2018\/11\/21-Pappi-ampuu-porot-pakenevat-1024x697.jpg' ><img alt='Pappi ampuu, porot pakenevat' class='item skip-lazy' data-class='item' data-ftg-source='http:\/\/www.veikkovasama.fi\/digiportfoliot\/wp-content\/uploads\/2018\/11\/21-Pappi-ampuu-porot-pakenevat-150x150.jpg' src='http:\/\/www.veikkovasama.fi\/digiportfoliot\/wp-content\/uploads\/2018\/11\/21-Pappi-ampuu-porot-pakenevat-150x150.jpg' width='1176' height='800' \/><div class='caption-block'><div class='text-wrapper'><span class='title'>Pappi ampuu, porot pakenevat<\/span><\/div><\/div><\/a><div class='ftg-social'><\/div><\/div><div  class='tile ftg-preload  '><a title=\"Pappi ja Niilas otattelevat\" data-lightbox='ftg-55' rel='ftg-55'  class=' tile-inner  ftg-lightbox' href='https:\/\/www.veikkovasama.fi\/digiportfoliot\/wp-content\/uploads\/2018\/11\/22-Pappi-ja-Niilas-1.jpg' ><img alt='Pappi ja Niilas otattelevat' class='item skip-lazy' data-class='item' data-ftg-source='http:\/\/www.veikkovasama.fi\/digiportfoliot\/wp-content\/uploads\/2018\/11\/22-Pappi-ja-Niilas-1-150x150.jpg' src='http:\/\/www.veikkovasama.fi\/digiportfoliot\/wp-content\/uploads\/2018\/11\/22-Pappi-ja-Niilas-1-150x150.jpg' width='680' height='800' \/><div class='caption-block'><div class='text-wrapper'><span class='title'>Pappi ja Niilas otattelevat<\/span><\/div><\/div><\/a><div class='ftg-social'><\/div><\/div><div  class='tile ftg-preload  '><a title=\"Me taajomme niin kuin pappikin!\" data-lightbox='ftg-55' rel='ftg-55'  class=' tile-inner  ftg-lightbox' href='https:\/\/www.veikkovasama.fi\/digiportfoliot\/wp-content\/uploads\/2018\/11\/23-Kirkkokansa-taajoo-1024x689.jpg' ><img alt='Me taajomme niin kuin pappikin!' class='item skip-lazy' data-class='item' data-ftg-source='http:\/\/www.veikkovasama.fi\/digiportfoliot\/wp-content\/uploads\/2018\/11\/23-Kirkkokansa-taajoo-150x150.jpg' src='http:\/\/www.veikkovasama.fi\/digiportfoliot\/wp-content\/uploads\/2018\/11\/23-Kirkkokansa-taajoo-150x150.jpg' width='1189' height='800' \/><div class='caption-block'><div class='text-wrapper'><span class='title'>Me taajomme niin kuin pappikin!<\/span><\/div><\/div><\/a><div class='ftg-social'><\/div><\/div><div  class='tile ftg-preload  '><a title=\"Matti teki liperit Sinol-pullosta\" data-lightbox='ftg-55' rel='ftg-55'  class=' tile-inner  ftg-lightbox' href='https:\/\/www.veikkovasama.fi\/digiportfoliot\/wp-content\/uploads\/2018\/11\/24-Liperit.jpg' ><img alt='Matti teki liperit Sinol-pullosta' class='item skip-lazy' data-class='item' data-ftg-source='http:\/\/www.veikkovasama.fi\/digiportfoliot\/wp-content\/uploads\/2018\/11\/24-Liperit-150x150.jpg' src='http:\/\/www.veikkovasama.fi\/digiportfoliot\/wp-content\/uploads\/2018\/11\/24-Liperit-150x150.jpg' width='710' height='800' \/><div class='caption-block'><div class='text-wrapper'><span class='title'>Matti teki liperit Sinol-pullosta<\/span><\/div><\/div><\/a><div class='ftg-social'><\/div><\/div><div  class='tile ftg-preload  '><a title=\"Juha ja &quot;vihannekset&quot;\" data-lightbox='ftg-55' rel='ftg-55'  class=' tile-inner  ftg-lightbox' href='https:\/\/www.veikkovasama.fi\/digiportfoliot\/wp-content\/uploads\/2018\/11\/25-Juha-ja-vihannekset-1024x682.jpg' ><img alt='Juha ja &quot;vihannekset&quot;' class='item skip-lazy' data-class='item' data-ftg-source='http:\/\/www.veikkovasama.fi\/digiportfoliot\/wp-content\/uploads\/2018\/11\/25-Juha-ja-vihannekset-150x150.jpg' src='http:\/\/www.veikkovasama.fi\/digiportfoliot\/wp-content\/uploads\/2018\/11\/25-Juha-ja-vihannekset-150x150.jpg' width='1200' height='799' \/><div class='caption-block'><div class='text-wrapper'><span class='title'>Juha ja \"vihannekset\"<\/span><\/div><\/div><\/a><div class='ftg-social'><\/div><\/div><div  class='tile ftg-preload  '><a title=\"Ty\u00f6ryhm\u00e4 saunoo\" data-lightbox='ftg-55' rel='ftg-55'  class=' tile-inner  ftg-lightbox' href='https:\/\/www.veikkovasama.fi\/digiportfoliot\/wp-content\/uploads\/2018\/11\/26-Ty\u00f6ryhm\u00e4-saunoot-1024x683.jpg' ><img alt='Ty\u00f6ryhm\u00e4 saunoo' class='item skip-lazy' data-class='item' data-ftg-source='http:\/\/www.veikkovasama.fi\/digiportfoliot\/wp-content\/uploads\/2018\/11\/26-Ty\u00f6ryhm\u00e4-saunoot-150x150.jpg' src='http:\/\/www.veikkovasama.fi\/digiportfoliot\/wp-content\/uploads\/2018\/11\/26-Ty\u00f6ryhm\u00e4-saunoot-150x150.jpg' width='1199' height='800' \/><div class='caption-block'><div class='text-wrapper'><span class='title'>Ty\u00f6ryhm\u00e4 saunoo<\/span><\/div><\/div><\/a><div class='ftg-social'><\/div><\/div><div  class='tile ftg-preload  '><a title=\"M\u00f6nkij\u00e4ll\u00e4 tuodaan lis\u00e4\u00e4 ruokaa \" data-lightbox='ftg-55' rel='ftg-55'  class=' tile-inner  ftg-lightbox' href='https:\/\/www.veikkovasama.fi\/digiportfoliot\/wp-content\/uploads\/2018\/11\/27-Lis\u00e4\u00e4-ruokaa-1024x697.jpg' ><img alt='M\u00f6nkij\u00e4ll\u00e4 tuodaan lis\u00e4\u00e4 ruokaa ' class='item skip-lazy' data-class='item' data-ftg-source='http:\/\/www.veikkovasama.fi\/digiportfoliot\/wp-content\/uploads\/2018\/11\/27-Lis\u00e4\u00e4-ruokaa-150x150.jpg' src='http:\/\/www.veikkovasama.fi\/digiportfoliot\/wp-content\/uploads\/2018\/11\/27-Lis\u00e4\u00e4-ruokaa-150x150.jpg' width='1176' height='800' \/><div class='caption-block'><div class='text-wrapper'><span class='title'>M\u00f6nkij\u00e4ll\u00e4 tuodaan lis\u00e4\u00e4 ruokaa <\/span><\/div><\/div><\/a><div class='ftg-social'><\/div><\/div><div  class='tile ftg-preload  '><a title=\"Matti viimeistelee opastusta\" data-lightbox='ftg-55' rel='ftg-55'  class=' tile-inner  ftg-lightbox' href='https:\/\/www.veikkovasama.fi\/digiportfoliot\/wp-content\/uploads\/2018\/11\/30-Teatteriin-1024x718.jpg' ><img alt='Matti viimeistelee opastusta' class='item skip-lazy' data-class='item' data-ftg-source='http:\/\/www.veikkovasama.fi\/digiportfoliot\/wp-content\/uploads\/2018\/11\/30-Teatteriin-150x150.jpg' src='http:\/\/www.veikkovasama.fi\/digiportfoliot\/wp-content\/uploads\/2018\/11\/30-Teatteriin-150x150.jpg' width='1141' height='800' \/><div class='caption-block'><div class='text-wrapper'><span class='title'>Matti viimeistelee opastusta<\/span><\/div><\/div><\/a><div class='ftg-social'><\/div><\/div><div  class='tile ftg-preload  '><a title=\"Tuttuja Iisakkij\u00e4rven tuvalla\" data-lightbox='ftg-55' rel='ftg-55'  class=' tile-inner  ftg-lightbox' href='https:\/\/www.veikkovasama.fi\/digiportfoliot\/wp-content\/uploads\/2018\/11\/31-Tuttuja-tuvalla-1024x741.jpg' ><img alt='Tuttuja Iisakkij\u00e4rven tuvalla' class='item skip-lazy' data-class='item' data-ftg-source='http:\/\/www.veikkovasama.fi\/digiportfoliot\/wp-content\/uploads\/2018\/11\/31-Tuttuja-tuvalla-150x150.jpg' src='http:\/\/www.veikkovasama.fi\/digiportfoliot\/wp-content\/uploads\/2018\/11\/31-Tuttuja-tuvalla-150x150.jpg' width='1105' height='800' \/><div class='caption-block'><div class='text-wrapper'><span class='title'>Tuttuja Iisakkij\u00e4rven tuvalla<\/span><\/div><\/div><\/a><div class='ftg-social'><\/div><\/div><div  class='tile ftg-preload  '><a title=\"Juha tervehtii ensi-iltayleis\u00f6\u00e4\" data-lightbox='ftg-55' rel='ftg-55'  class=' tile-inner  ftg-lightbox' href='https:\/\/www.veikkovasama.fi\/digiportfoliot\/wp-content\/uploads\/2018\/11\/32-Juhan-avaus-1024x664.jpg' ><img alt='Juha tervehtii ensi-iltayleis\u00f6\u00e4' class='item skip-lazy' data-class='item' data-ftg-source='http:\/\/www.veikkovasama.fi\/digiportfoliot\/wp-content\/uploads\/2018\/11\/32-Juhan-avaus-150x150.jpg' src='http:\/\/www.veikkovasama.fi\/digiportfoliot\/wp-content\/uploads\/2018\/11\/32-Juhan-avaus-150x150.jpg' width='1200' height='778' \/><div class='caption-block'><div class='text-wrapper'><span class='title'>Juha tervehtii ensi-iltayleis\u00f6\u00e4<\/span><\/div><\/div><\/a><div class='ftg-social'><\/div><\/div><div  class='tile ftg-preload  '><a title=\"Kieruan kirkkoherra siunataan haudan lepoon\" data-lightbox='ftg-55' rel='ftg-55'  class=' tile-inner  ftg-lightbox' href='https:\/\/www.veikkovasama.fi\/digiportfoliot\/wp-content\/uploads\/2018\/11\/33-Kieruan-pappi-siunataan-1024x670.jpg' ><img alt='Kieruan kirkkoherra siunataan haudan lepoon' class='item skip-lazy' data-class='item' data-ftg-source='http:\/\/www.veikkovasama.fi\/digiportfoliot\/wp-content\/uploads\/2018\/11\/33-Kieruan-pappi-siunataan-150x150.jpg' src='http:\/\/www.veikkovasama.fi\/digiportfoliot\/wp-content\/uploads\/2018\/11\/33-Kieruan-pappi-siunataan-150x150.jpg' width='1200' height='785' \/><div class='caption-block'><div class='text-wrapper'><span class='title'>Kieruan kirkkoherra siunataan haudan lepoon<\/span><\/div><\/div><\/a><div class='ftg-social'><\/div><\/div><div  class='tile ftg-preload  '><a title=\"Mikset sie pysy hauvassa?\" data-lightbox='ftg-55' rel='ftg-55'  class=' tile-inner  ftg-lightbox' href='https:\/\/www.veikkovasama.fi\/digiportfoliot\/wp-content\/uploads\/2018\/11\/34-Mikset-sie-pysy-hauassa-1024x670.jpg' ><img alt='Mikset sie pysy hauvassa?' class='item skip-lazy' data-class='item' data-ftg-source='http:\/\/www.veikkovasama.fi\/digiportfoliot\/wp-content\/uploads\/2018\/11\/34-Mikset-sie-pysy-hauassa-150x150.jpg' src='http:\/\/www.veikkovasama.fi\/digiportfoliot\/wp-content\/uploads\/2018\/11\/34-Mikset-sie-pysy-hauassa-150x150.jpg' width='1200' height='785' \/><div class='caption-block'><div class='text-wrapper'><span class='title'>Mikset sie pysy hauvassa?<\/span><\/div><\/div><\/a><div class='ftg-social'><\/div><\/div><div  class='tile ftg-preload  '><a title=\"Matti yll\u00e4tysroolissa\" data-lightbox='ftg-55' rel='ftg-55'  class=' tile-inner  ftg-lightbox' href='https:\/\/www.veikkovasama.fi\/digiportfoliot\/wp-content\/uploads\/2018\/11\/35-Matti-yll\u00e4tysroolissa-1024x700.jpg' ><img alt='Matti yll\u00e4tysroolissa' class='item skip-lazy' data-class='item' data-ftg-source='http:\/\/www.veikkovasama.fi\/digiportfoliot\/wp-content\/uploads\/2018\/11\/35-Matti-yll\u00e4tysroolissa-150x150.jpg' src='http:\/\/www.veikkovasama.fi\/digiportfoliot\/wp-content\/uploads\/2018\/11\/35-Matti-yll\u00e4tysroolissa-150x150.jpg' width='1170' height='800' \/><div class='caption-block'><div class='text-wrapper'><span class='title'>Matti yll\u00e4tysroolissa<\/span><\/div><\/div><\/a><div class='ftg-social'><\/div><\/div><div  class='tile ftg-preload  '><a title=\"Keitto kiehuu ulos kattilasta\" data-lightbox='ftg-55' rel='ftg-55'  class=' tile-inner  ftg-lightbox' href='https:\/\/www.veikkovasama.fi\/digiportfoliot\/wp-content\/uploads\/2018\/11\/36-Suongilin-keitto-kiehuu-1024x698.jpg' ><img alt='Keitto kiehuu ulos kattilasta' class='item skip-lazy' data-class='item' data-ftg-source='http:\/\/www.veikkovasama.fi\/digiportfoliot\/wp-content\/uploads\/2018\/11\/36-Suongilin-keitto-kiehuu-150x150.jpg' src='http:\/\/www.veikkovasama.fi\/digiportfoliot\/wp-content\/uploads\/2018\/11\/36-Suongilin-keitto-kiehuu-150x150.jpg' width='1173' height='800' \/><div class='caption-block'><div class='text-wrapper'><span class='title'>Keitto kiehuu ulos kattilasta<\/span><\/div><\/div><\/a><div class='ftg-social'><\/div><\/div><div  class='tile ftg-preload  '><a title=\"Suongil ampuu metsoa\" data-lightbox='ftg-55' rel='ftg-55'  class=' tile-inner  ftg-lightbox' href='https:\/\/www.veikkovasama.fi\/digiportfoliot\/wp-content\/uploads\/2018\/11\/37-Suongil-ampuu-metsoa-1024x683.jpg' ><img alt='Suongil ampuu metsoa' class='item skip-lazy' data-class='item' data-ftg-source='http:\/\/www.veikkovasama.fi\/digiportfoliot\/wp-content\/uploads\/2018\/11\/37-Suongil-ampuu-metsoa-150x150.jpg' src='http:\/\/www.veikkovasama.fi\/digiportfoliot\/wp-content\/uploads\/2018\/11\/37-Suongil-ampuu-metsoa-150x150.jpg' width='1199' height='800' \/><div class='caption-block'><div class='text-wrapper'><span class='title'>Suongil ampuu metsoa<\/span><\/div><\/div><\/a><div class='ftg-social'><\/div><\/div><div  class='tile ftg-preload  '><a title=\"Esiintyj\u00e4t ja yleis\u00f6\" data-lightbox='ftg-55' rel='ftg-55'  class=' tile-inner  ftg-lightbox' href='https:\/\/www.veikkovasama.fi\/digiportfoliot\/wp-content\/uploads\/2018\/11\/38-Kiitokset-1024x690.jpg' ><img alt='Esiintyj\u00e4t ja yleis\u00f6' class='item skip-lazy' data-class='item' data-ftg-source='http:\/\/www.veikkovasama.fi\/digiportfoliot\/wp-content\/uploads\/2018\/11\/38-Kiitokset-150x150.jpg' src='http:\/\/www.veikkovasama.fi\/digiportfoliot\/wp-content\/uploads\/2018\/11\/38-Kiitokset-150x150.jpg' width='1187' height='800' \/><div class='caption-block'><div class='text-wrapper'><span class='title'>Esiintyj\u00e4t ja yleis\u00f6<\/span><\/div><\/div><\/a><div class='ftg-social'><\/div><\/div><div  class='tile ftg-preload  '><a title=\"Silisjoen venelossi. Kuva: P\u00e4ivi Salminen\" data-lightbox='ftg-55' rel='ftg-55'  class=' tile-inner  ftg-lightbox' href='https:\/\/www.veikkovasama.fi\/digiportfoliot\/wp-content\/uploads\/2018\/11\/39-Venelossi.jpg' ><img alt='Silisjoen venelossi. Kuva: P\u00e4ivi Salminen' class='item skip-lazy' data-class='item' data-ftg-source='http:\/\/www.veikkovasama.fi\/digiportfoliot\/wp-content\/uploads\/2018\/11\/39-Venelossi-150x150.jpg' src='http:\/\/www.veikkovasama.fi\/digiportfoliot\/wp-content\/uploads\/2018\/11\/39-Venelossi-150x150.jpg' width='651' height='800' \/><div class='caption-block'><div class='text-wrapper'><span class='title'>Silisjoen venelossi. Kuva: P\u00e4ivi Salminen<\/span><\/div><\/div><\/a><div class='ftg-social'><\/div><\/div><div  class='tile ftg-preload  '><a title=\"Esti, Kepa ja kuuluisa teltta\" data-lightbox='ftg-55' rel='ftg-55'  class=' tile-inner  ftg-lightbox' href='https:\/\/www.veikkovasama.fi\/digiportfoliot\/wp-content\/uploads\/2018\/11\/40-Esti-Kepa-ja-teltta.jpg' ><img alt='Esti, Kepa ja kuuluisa teltta' class='item skip-lazy' data-class='item' data-ftg-source='https:\/\/www.veikkovasama.fi\/digiportfoliot\/wp-content\/uploads\/2018\/11\/40-Esti-Kepa-ja-teltta-150x150.jpg' src='https:\/\/www.veikkovasama.fi\/digiportfoliot\/wp-content\/uploads\/2018\/11\/40-Esti-Kepa-ja-teltta-150x150.jpg' width='150' height='150' \/><div class='caption-block'><div class='text-wrapper'><span class='title'>Esti, Kepa ja kuuluisa teltta<\/span><\/div><\/div><\/a><div class='ftg-social'><\/div><\/div><div  class='tile ftg-preload  '><a title=\"Taidetta Yliper\u00e4ll\u00e4\" data-lightbox='ftg-55' rel='ftg-55'  class=' tile-inner  ftg-lightbox' href='https:\/\/www.veikkovasama.fi\/digiportfoliot\/wp-content\/uploads\/2018\/11\/41-Taidetta-tunturissa-1024x768.jpg' ><img alt='Taidetta Yliper\u00e4ll\u00e4' class='item skip-lazy' data-class='item' data-ftg-source='http:\/\/www.veikkovasama.fi\/digiportfoliot\/wp-content\/uploads\/2018\/11\/41-Taidetta-tunturissa-150x150.jpg' src='http:\/\/www.veikkovasama.fi\/digiportfoliot\/wp-content\/uploads\/2018\/11\/41-Taidetta-tunturissa-150x150.jpg' width='1067' height='800' \/><div class='caption-block'><div class='text-wrapper'><span class='title'>Taidetta Yliper\u00e4ll\u00e4<\/span><\/div><\/div><\/a><div class='ftg-social'><\/div><\/div><div  class='tile ftg-preload  '><a title=\"Antti &quot;Juteini&quot;\" data-lightbox='ftg-55' rel='ftg-55'  class=' tile-inner  ftg-lightbox' href='https:\/\/www.veikkovasama.fi\/digiportfoliot\/wp-content\/uploads\/2018\/11\/42-Antti-Juteini.jpg' ><img alt='Antti &quot;Juteini&quot;' class='item skip-lazy' data-class='item' data-ftg-source='http:\/\/www.veikkovasama.fi\/digiportfoliot\/wp-content\/uploads\/2018\/11\/42-Antti-Juteini-150x150.jpg' src='http:\/\/www.veikkovasama.fi\/digiportfoliot\/wp-content\/uploads\/2018\/11\/42-Antti-Juteini-150x150.jpg' width='583' height='800' \/><div class='caption-block'><div class='text-wrapper'><span class='title'>Antti \"Juteini\"<\/span><\/div><\/div><\/a><div class='ftg-social'><\/div><\/div><div  class='tile ftg-preload  '><a title=\"Roosa Lussin Pietin\u00e4\" data-lightbox='ftg-55' rel='ftg-55'  class=' tile-inner  ftg-lightbox' href='https:\/\/www.veikkovasama.fi\/digiportfoliot\/wp-content\/uploads\/2018\/11\/43-Roosa-Lussin-Pietin\u00e4.jpg' ><img alt='Roosa Lussin Pietin\u00e4' class='item skip-lazy' data-class='item' data-ftg-source='http:\/\/www.veikkovasama.fi\/digiportfoliot\/wp-content\/uploads\/2018\/11\/43-Roosa-Lussin-Pietin\u00e4-150x150.jpg' src='http:\/\/www.veikkovasama.fi\/digiportfoliot\/wp-content\/uploads\/2018\/11\/43-Roosa-Lussin-Pietin\u00e4-150x150.jpg' width='677' height='800' \/><div class='caption-block'><div class='text-wrapper'><span class='title'>Roosa Lussin Pietin\u00e4<\/span><\/div><\/div><\/a><div class='ftg-social'><\/div><\/div><div  class='tile ftg-preload  '><a title=\"Liikuntataiteilijat vauhdissa\" data-lightbox='ftg-55' rel='ftg-55'  class=' tile-inner  ftg-lightbox' href='https:\/\/www.veikkovasama.fi\/digiportfoliot\/wp-content\/uploads\/2018\/11\/44-Tanssiryhm\u00e4-vauhdissa-1024x642.jpg' ><img alt='Liikuntataiteilijat vauhdissa' class='item skip-lazy' data-class='item' data-ftg-source='http:\/\/www.veikkovasama.fi\/digiportfoliot\/wp-content\/uploads\/2018\/11\/44-Tanssiryhm\u00e4-vauhdissa-150x150.jpg' src='http:\/\/www.veikkovasama.fi\/digiportfoliot\/wp-content\/uploads\/2018\/11\/44-Tanssiryhm\u00e4-vauhdissa-150x150.jpg' width='1200' height='752' \/><div class='caption-block'><div class='text-wrapper'><span class='title'>Liikuntataiteilijat vauhdissa<\/span><\/div><\/div><\/a><div class='ftg-social'><\/div><\/div><div  class='tile ftg-preload  '><a title=\"Teatterin upea ymp\u00e4rist\u00f6\" data-lightbox='ftg-55' rel='ftg-55'  class=' tile-inner  ftg-lightbox' href='https:\/\/www.veikkovasama.fi\/digiportfoliot\/wp-content\/uploads\/2018\/11\/45-Teatteria-upeassa-ymp\u00e4rist\u00f6ss\u00e4-1024x707.jpg' ><img alt='Teatterin upea ymp\u00e4rist\u00f6' class='item skip-lazy' data-class='item' data-ftg-source='http:\/\/www.veikkovasama.fi\/digiportfoliot\/wp-content\/uploads\/2018\/11\/45-Teatteria-upeassa-ymp\u00e4rist\u00f6ss\u00e4-150x150.jpg' src='http:\/\/www.veikkovasama.fi\/digiportfoliot\/wp-content\/uploads\/2018\/11\/45-Teatteria-upeassa-ymp\u00e4rist\u00f6ss\u00e4-150x150.jpg' width='1159' height='800' \/><div class='caption-block'><div class='text-wrapper'><span class='title'>Teatterin upea ymp\u00e4rist\u00f6<\/span><\/div><\/div><\/a><div class='ftg-social'><\/div><\/div><div  class='tile ftg-preload  '><a title=\"Elli kuninkaan tytt\u00e4ren\u00e4\" data-lightbox='ftg-55' rel='ftg-55'  class=' tile-inner  ftg-lightbox' href='https:\/\/www.veikkovasama.fi\/digiportfoliot\/wp-content\/uploads\/2018\/11\/46-Elli-kuninkaan-tytt\u00e4ren\u00e4.jpg' ><img alt='Elli kuninkaan tytt\u00e4ren\u00e4' class='item skip-lazy' data-class='item' data-ftg-source='http:\/\/www.veikkovasama.fi\/digiportfoliot\/wp-content\/uploads\/2018\/11\/46-Elli-kuninkaan-tytt\u00e4ren\u00e4-150x150.jpg' src='http:\/\/www.veikkovasama.fi\/digiportfoliot\/wp-content\/uploads\/2018\/11\/46-Elli-kuninkaan-tytt\u00e4ren\u00e4-150x150.jpg' width='625' height='800' \/><div class='caption-block'><div class='text-wrapper'><span class='title'>Elli kuninkaan tytt\u00e4ren\u00e4<\/span><\/div><\/div><\/a><div class='ftg-social'><\/div><\/div><div  class='tile ftg-preload  '><a title=\"Papin ja Niilaksen kaksintaistelu\" data-lightbox='ftg-55' rel='ftg-55'  class=' tile-inner  ftg-lightbox' href='https:\/\/www.veikkovasama.fi\/digiportfoliot\/wp-content\/uploads\/2018\/11\/47-Kaksintaistelu2-1024x735.jpg' ><img alt='Papin ja Niilaksen kaksintaistelu' class='item skip-lazy' data-class='item' data-ftg-source='http:\/\/www.veikkovasama.fi\/digiportfoliot\/wp-content\/uploads\/2018\/11\/47-Kaksintaistelu2-150x150.jpg' src='http:\/\/www.veikkovasama.fi\/digiportfoliot\/wp-content\/uploads\/2018\/11\/47-Kaksintaistelu2-150x150.jpg' width='1114' height='800' \/><div class='caption-block'><div class='text-wrapper'><span class='title'>Papin ja Niilaksen kaksintaistelu<\/span><\/div><\/div><\/a><div class='ftg-social'><\/div><\/div><div  class='tile ftg-preload  '><a title=\"Roosa Reitarina\" data-lightbox='ftg-55' rel='ftg-55'  class=' tile-inner  ftg-lightbox' href='https:\/\/www.veikkovasama.fi\/digiportfoliot\/wp-content\/uploads\/2018\/11\/48-Roosa-Reitarina-1024x695.jpg' ><img alt='Roosa Reitarina' class='item skip-lazy' data-class='item' data-ftg-source='http:\/\/www.veikkovasama.fi\/digiportfoliot\/wp-content\/uploads\/2018\/11\/48-Roosa-Reitarina-150x150.jpg' src='http:\/\/www.veikkovasama.fi\/digiportfoliot\/wp-content\/uploads\/2018\/11\/48-Roosa-Reitarina-150x150.jpg' width='1178' height='800' \/><div class='caption-block'><div class='text-wrapper'><span class='title'>Roosa Reitarina<\/span><\/div><\/div><\/a><div class='ftg-social'><\/div><\/div><div  class='tile ftg-preload  '><a title=\"Henna\" data-lightbox='ftg-55' rel='ftg-55'  class=' tile-inner  ftg-lightbox' href='https:\/\/www.veikkovasama.fi\/digiportfoliot\/wp-content\/uploads\/2018\/11\/49-Henna.jpg' ><img alt='Henna' class='item skip-lazy' data-class='item' data-ftg-source='http:\/\/www.veikkovasama.fi\/digiportfoliot\/wp-content\/uploads\/2018\/11\/49-Henna-150x150.jpg' src='http:\/\/www.veikkovasama.fi\/digiportfoliot\/wp-content\/uploads\/2018\/11\/49-Henna-150x150.jpg' width='671' height='800' \/><div class='caption-block'><div class='text-wrapper'><span class='title'>Henna<\/span><\/div><\/div><\/a><div class='ftg-social'><\/div><\/div><div  class='tile ftg-preload  '><a title=\"Saara\" data-lightbox='ftg-55' rel='ftg-55'  class=' tile-inner  ftg-lightbox' href='https:\/\/www.veikkovasama.fi\/digiportfoliot\/wp-content\/uploads\/2018\/11\/50-Saara.jpg' ><img alt='Saara' class='item skip-lazy' data-class='item' data-ftg-source='http:\/\/www.veikkovasama.fi\/digiportfoliot\/wp-content\/uploads\/2018\/11\/50-Saara-150x150.jpg' src='http:\/\/www.veikkovasama.fi\/digiportfoliot\/wp-content\/uploads\/2018\/11\/50-Saara-150x150.jpg' width='633' height='800' \/><div class='caption-block'><div class='text-wrapper'><span class='title'>Saara<\/span><\/div><\/div><\/a><div class='ftg-social'><\/div><\/div><div  class='tile ftg-preload  '><a title=\"Sofia\" data-lightbox='ftg-55' rel='ftg-55'  class=' tile-inner  ftg-lightbox' href='https:\/\/www.veikkovasama.fi\/digiportfoliot\/wp-content\/uploads\/2018\/11\/51-Sofia-1024x688.jpg' ><img alt='Sofia' class='item skip-lazy' data-class='item' data-ftg-source='http:\/\/www.veikkovasama.fi\/digiportfoliot\/wp-content\/uploads\/2018\/11\/51-Sofia-150x150.jpg' src='http:\/\/www.veikkovasama.fi\/digiportfoliot\/wp-content\/uploads\/2018\/11\/51-Sofia-150x150.jpg' width='1190' height='800' \/><div class='caption-block'><div class='text-wrapper'><span class='title'>Sofia<\/span><\/div><\/div><\/a><div class='ftg-social'><\/div><\/div><div  class='tile ftg-preload  '><a title=\"Taiden\u00e4yttely\" data-lightbox='ftg-55' rel='ftg-55'  class=' tile-inner  ftg-lightbox' href='https:\/\/www.veikkovasama.fi\/digiportfoliot\/wp-content\/uploads\/2018\/11\/52-Taiden\u00e4yttely-1024x683.jpg' ><img alt='Taiden\u00e4yttely' class='item skip-lazy' data-class='item' data-ftg-source='http:\/\/www.veikkovasama.fi\/digiportfoliot\/wp-content\/uploads\/2018\/11\/52-Taiden\u00e4yttely-150x150.jpg' src='http:\/\/www.veikkovasama.fi\/digiportfoliot\/wp-content\/uploads\/2018\/11\/52-Taiden\u00e4yttely-150x150.jpg' width='1199' height='800' \/><div class='caption-block'><div class='text-wrapper'><span class='title'>Taiden\u00e4yttely<\/span><\/div><\/div><\/a><div class='ftg-social'><\/div><\/div><div  class='tile ftg-preload  '><a title=\"Joen yli paluumatkalle\" data-lightbox='ftg-55' rel='ftg-55'  class=' tile-inner  ftg-lightbox' href='https:\/\/www.veikkovasama.fi\/digiportfoliot\/wp-content\/uploads\/2018\/11\/53-Joen-yli-1024x667.jpg' ><img alt='Joen yli paluumatkalle' class='item skip-lazy' data-class='item' data-ftg-source='https:\/\/www.veikkovasama.fi\/digiportfoliot\/wp-content\/uploads\/2018\/11\/53-Joen-yli-150x150.jpg' src='https:\/\/www.veikkovasama.fi\/digiportfoliot\/wp-content\/uploads\/2018\/11\/53-Joen-yli-150x150.jpg' width='150' height='150' \/><div class='caption-block'><div class='text-wrapper'><span class='title'>Joen yli paluumatkalle<\/span><\/div><\/div><\/a><div class='ftg-social'><\/div><\/div><div  class='tile ftg-preload  '><a title=\"P\u00e4ivi, Leena ja Veikko - viiden esityksen veteraanit kiitt\u00e4v\u00e4t unohtumattomista el\u00e4myksist\u00e4!\" data-lightbox='ftg-55' rel='ftg-55'  class=' tile-inner  ftg-lightbox' href='https:\/\/www.veikkovasama.fi\/digiportfoliot\/wp-content\/uploads\/2018\/11\/54-Paluuryhm\u00e4-1024x700.jpg' ><img alt='P\u00e4ivi, Leena ja Veikko - viiden esityksen veteraanit kiitt\u00e4v\u00e4t unohtumattomista el\u00e4myksist\u00e4!' class='item skip-lazy' data-class='item' data-ftg-source='https:\/\/www.veikkovasama.fi\/digiportfoliot\/wp-content\/uploads\/2018\/11\/54-Paluuryhm\u00e4-150x150.jpg' src='https:\/\/www.veikkovasama.fi\/digiportfoliot\/wp-content\/uploads\/2018\/11\/54-Paluuryhm\u00e4-150x150.jpg' width='150' height='150' \/><div class='caption-block'><div class='text-wrapper'><span class='text'>P\u00e4ivi, Leena ja Veikko - viiden esityksen veteraanit kiitt\u00e4v\u00e4t unohtumattomista el\u00e4myksist\u00e4!<\/span><\/div><\/div><\/a><div class='ftg-social'><\/div><\/div><div  class='tile ftg-preload  '><a title=\"J\u00e4ng\u00e4n yli teatteriin\" data-lightbox='ftg-55' rel='ftg-55'  class=' tile-inner  ftg-lightbox' href='https:\/\/www.veikkovasama.fi\/digiportfoliot\/wp-content\/uploads\/2019\/10\/ensi-iltaan.jpg' ><img alt='J\u00e4ng\u00e4n yli teatteriin' class='item skip-lazy' data-class='item' data-ftg-source='https:\/\/www.veikkovasama.fi\/digiportfoliot\/wp-content\/uploads\/2019\/10\/ensi-iltaan-150x150.jpg' src='https:\/\/www.veikkovasama.fi\/digiportfoliot\/wp-content\/uploads\/2019\/10\/ensi-iltaan-150x150.jpg' width='150' height='150' \/><div class='caption-block'><div class='text-wrapper'><span class='text'>J\u00e4ng\u00e4n yli teatteriin<\/span><\/div><\/div><\/a><div class='ftg-social'><\/div><\/div><div  class='tile ftg-preload  '><a title=\"Teatteria kuusen pers****\u00e4\" data-lightbox='ftg-55' rel='ftg-55'  class=' tile-inner  ftg-lightbox' href='https:\/\/www.veikkovasama.fi\/digiportfoliot\/wp-content\/uploads\/2019\/10\/teatterin_kyltti.jpg' ><img alt='Teatteria kuusen pers****\u00e4' class='item skip-lazy' data-class='item' data-ftg-source='https:\/\/www.veikkovasama.fi\/digiportfoliot\/wp-content\/uploads\/2019\/10\/teatterin_kyltti-150x150.jpg' src='https:\/\/www.veikkovasama.fi\/digiportfoliot\/wp-content\/uploads\/2019\/10\/teatterin_kyltti-150x150.jpg' width='150' height='150' \/><div class='caption-block'><div class='text-wrapper'><span class='text'>Teatteria kuusen pers****\u00e4<\/span><\/div><\/div><\/a><div class='ftg-social'><\/div><\/div><div  class='tile ftg-preload  '><a title=\"Ensi-ilta Murhahaarassa, yleis\u00f6\u00e4 80\" data-lightbox='ftg-55' rel='ftg-55'  class=' tile-inner  ftg-lightbox' href='https:\/\/www.veikkovasama.fi\/digiportfoliot\/wp-content\/uploads\/2019\/10\/juhan_avaus.jpg' ><img alt='Ensi-ilta Murhahaarassa, yleis\u00f6\u00e4 80' class='item skip-lazy' data-class='item' data-ftg-source='https:\/\/www.veikkovasama.fi\/digiportfoliot\/wp-content\/uploads\/2019\/10\/juhan_avaus-150x150.jpg' src='https:\/\/www.veikkovasama.fi\/digiportfoliot\/wp-content\/uploads\/2019\/10\/juhan_avaus-150x150.jpg' width='150' height='150' \/><div class='caption-block'><div class='text-wrapper'><span class='text'>Ensi-ilta Murhahaarassa, yleis\u00f6\u00e4 80<\/span><\/div><\/div><\/a><div class='ftg-social'><\/div><\/div><div  class='tile ftg-preload  '><a title=\"Krikan Sammu kalastaa vuonolla\" data-lightbox='ftg-55' rel='ftg-55'  class=' tile-inner  ftg-lightbox' href='https:\/\/www.veikkovasama.fi\/digiportfoliot\/wp-content\/uploads\/2019\/10\/krikan_sammu.jpg' ><img alt='Krikan Sammu kalastaa vuonolla' class='item skip-lazy' data-class='item' data-ftg-source='https:\/\/www.veikkovasama.fi\/digiportfoliot\/wp-content\/uploads\/2019\/10\/krikan_sammu-150x150.jpg' src='https:\/\/www.veikkovasama.fi\/digiportfoliot\/wp-content\/uploads\/2019\/10\/krikan_sammu-150x150.jpg' width='150' height='150' \/><div class='caption-block'><div class='text-wrapper'><span class='text'>Krikan Sammu kalastaa vuonolla<\/span><\/div><\/div><\/a><div class='ftg-social'><\/div><\/div><div  class='tile ftg-preload  '><a title=\"Rannalta l\u00f6ytyi vantus\" data-lightbox='ftg-55' rel='ftg-55'  class=' tile-inner  ftg-lightbox' href='https:\/\/www.veikkovasama.fi\/digiportfoliot\/wp-content\/uploads\/2019\/10\/vantus.jpg' ><img alt='Rannalta l\u00f6ytyi vantus' class='item skip-lazy' data-class='item' data-ftg-source='https:\/\/www.veikkovasama.fi\/digiportfoliot\/wp-content\/uploads\/2019\/10\/vantus-150x150.jpg' src='https:\/\/www.veikkovasama.fi\/digiportfoliot\/wp-content\/uploads\/2019\/10\/vantus-150x150.jpg' width='150' height='150' \/><div class='caption-block'><div class='text-wrapper'><span class='text'>Rannalta l\u00f6ytyi vantus<\/span><\/div><\/div><\/a><div class='ftg-social'><\/div><\/div><div  class='tile ftg-preload  '><a title=\"Melkein kaikki esiintyj\u00e4t\" data-lightbox='ftg-55' rel='ftg-55'  class=' tile-inner  ftg-lightbox' href='https:\/\/www.veikkovasama.fi\/digiportfoliot\/wp-content\/uploads\/2019\/10\/melkein_kaikki-1.jpg' ><img alt='Melkein kaikki esiintyj\u00e4t' class='item skip-lazy' data-class='item' data-ftg-source='https:\/\/www.veikkovasama.fi\/digiportfoliot\/wp-content\/uploads\/2019\/10\/melkein_kaikki-1-150x150.jpg' src='https:\/\/www.veikkovasama.fi\/digiportfoliot\/wp-content\/uploads\/2019\/10\/melkein_kaikki-1-150x150.jpg' width='150' height='150' \/><div class='caption-block'><div class='text-wrapper'><span class='title'>Melkein kaikki esiintyj\u00e4t<\/span><\/div><\/div><\/a><div class='ftg-social'><\/div><\/div><div  class='tile ftg-preload  '><a title=\"Kerttu, yleis\u00f6n junioriosastoa\" data-lightbox='ftg-55' rel='ftg-55'  class=' tile-inner  ftg-lightbox' href='https:\/\/www.veikkovasama.fi\/digiportfoliot\/wp-content\/uploads\/2019\/10\/kerttu.jpg' ><img alt='Kerttu, yleis\u00f6n junioriosastoa' class='item skip-lazy' data-class='item' data-ftg-source='https:\/\/www.veikkovasama.fi\/digiportfoliot\/wp-content\/uploads\/2019\/10\/kerttu-150x150.jpg' src='https:\/\/www.veikkovasama.fi\/digiportfoliot\/wp-content\/uploads\/2019\/10\/kerttu-150x150.jpg' width='150' height='150' \/><div class='caption-block'><div class='text-wrapper'><span class='text'>Kerttu, yleis\u00f6n junioriosastoa<\/span><\/div><\/div><\/a><div class='ftg-social'><\/div><\/div><div  class='tile ftg-preload  '><a title=\"Lopuksi juostiin\" data-lightbox='ftg-55' rel='ftg-55'  class=' tile-inner  ftg-lightbox' href='https:\/\/www.veikkovasama.fi\/digiportfoliot\/wp-content\/uploads\/2019\/10\/juoksut.jpg' ><img alt='Lopuksi juostiin' class='item skip-lazy' data-class='item' data-ftg-source='https:\/\/www.veikkovasama.fi\/digiportfoliot\/wp-content\/uploads\/2019\/10\/juoksut-150x150.jpg' src='https:\/\/www.veikkovasama.fi\/digiportfoliot\/wp-content\/uploads\/2019\/10\/juoksut-150x150.jpg' width='150' height='150' \/><div class='caption-block'><div class='text-wrapper'><span class='text'>Lopuksi juostiin<\/span><\/div><\/div><\/a><div class='ftg-social'><\/div><\/div><div  class='tile ftg-preload  '><a title=\"Shakkimatsi\" data-lightbox='ftg-55' rel='ftg-55'  class=' tile-inner  ftg-lightbox' href='https:\/\/www.veikkovasama.fi\/digiportfoliot\/wp-content\/uploads\/2019\/10\/shakkimatsi.jpg' ><img alt='Shakkimatsi' class='item skip-lazy' data-class='item' data-ftg-source='https:\/\/www.veikkovasama.fi\/digiportfoliot\/wp-content\/uploads\/2019\/10\/shakkimatsi-150x150.jpg' src='https:\/\/www.veikkovasama.fi\/digiportfoliot\/wp-content\/uploads\/2019\/10\/shakkimatsi-150x150.jpg' width='150' height='150' \/><div class='caption-block'><div class='text-wrapper'><span class='text'>Shakkimatsi<\/span><\/div><\/div><\/a><div class='ftg-social'><\/div><\/div><div  class='tile ftg-preload  '><a title=\"Tulilla muisteltiin ja suunniteltiin\" data-lightbox='ftg-55' rel='ftg-55'  class=' tile-inner  ftg-lightbox' href='https:\/\/www.veikkovasama.fi\/digiportfoliot\/wp-content\/uploads\/2019\/10\/tulilla.jpg' ><img alt='Tulilla muisteltiin ja suunniteltiin' class='item skip-lazy' data-class='item' data-ftg-source='https:\/\/www.veikkovasama.fi\/digiportfoliot\/wp-content\/uploads\/2019\/10\/tulilla-150x150.jpg' src='https:\/\/www.veikkovasama.fi\/digiportfoliot\/wp-content\/uploads\/2019\/10\/tulilla-150x150.jpg' width='150' height='150' \/><div class='caption-block'><div class='text-wrapper'><span class='title'>Tulilla muisteltiin ja suunniteltiin<\/span><\/div><\/div><\/a><div class='ftg-social'><\/div><\/div><\/div><\/div>\n","protected":false},"excerpt":{"rendered":"","protected":false},"author":1,"featured_media":579,"comment_status":"closed","ping_status":"closed","sticky":true,"template":"","format":"standard","meta":{"footnotes":""},"categories":[1],"tags":[9,10],"class_list":["post-203","post","type-post","status-publish","format-standard","has-post-thumbnail","hentry","category-uncategorized","tag-operaatio-paulaharju","tag-operaatio_paulaharju"],"_links":{"self":[{"href":"https:\/\/www.veikkovasama.fi\/digiportfoliot\/wp-json\/wp\/v2\/posts\/203","targetHints":{"allow":["GET"]}}],"collection":[{"href":"https:\/\/www.veikkovasama.fi\/digiportfoliot\/wp-json\/wp\/v2\/posts"}],"about":[{"href":"https:\/\/www.veikkovasama.fi\/digiportfoliot\/wp-json\/wp\/v2\/types\/post"}],"author":[{"embeddable":true,"href":"https:\/\/www.veikkovasama.fi\/digiportfoliot\/wp-json\/wp\/v2\/users\/1"}],"replies":[{"embeddable":true,"href":"https:\/\/www.veikkovasama.fi\/digiportfoliot\/wp-json\/wp\/v2\/comments?post=203"}],"version-history":[{"count":4,"href":"https:\/\/www.veikkovasama.fi\/digiportfoliot\/wp-json\/wp\/v2\/posts\/203\/revisions"}],"predecessor-version":[{"id":862,"href":"https:\/\/www.veikkovasama.fi\/digiportfoliot\/wp-json\/wp\/v2\/posts\/203\/revisions\/862"}],"wp:featuredmedia":[{"embeddable":true,"href":"https:\/\/www.veikkovasama.fi\/digiportfoliot\/wp-json\/wp\/v2\/media\/579"}],"wp:attachment":[{"href":"https:\/\/www.veikkovasama.fi\/digiportfoliot\/wp-json\/wp\/v2\/media?parent=203"}],"wp:term":[{"taxonomy":"category","embeddable":true,"href":"https:\/\/www.veikkovasama.fi\/digiportfoliot\/wp-json\/wp\/v2\/categories?post=203"},{"taxonomy":"post_tag","embeddable":true,"href":"https:\/\/www.veikkovasama.fi\/digiportfoliot\/wp-json\/wp\/v2\/tags?post=203"}],"curies":[{"name":"wp","href":"https:\/\/api.w.org\/{rel}","templated":true}]}}