{"id":1351,"date":"2026-01-06T13:07:03","date_gmt":"2026-01-06T13:07:03","guid":{"rendered":"https:\/\/www.veikkovasama.fi\/digiportfoliot\/?p=1351"},"modified":"2026-01-06T17:23:41","modified_gmt":"2026-01-06T17:23:41","slug":"hervantajarvi","status":"publish","type":"post","link":"https:\/\/www.veikkovasama.fi\/digiportfoliot\/hervantajarvi\/","title":{"rendered":"Hervantaj\u00e4rvi"},"content":{"rendered":"\n<!-- Final Tiles Grid Gallery for WordPress v3.6.6 free --><style>#ftg-3030 .tile .icon { color:#ffffff; }#ftg-3030 .ftg-items .loading-bar i { background:#666; }#ftg-3030 .ftg-items .loading-bar { background:#fff; }#ftg-3030 .tile .icon { font-size:12px; }#ftg-3030 .tile .icon { margin: -6px 0 0 -6px; }#ftg-3030 .tile .caption-block .text-wrapper span.text { font-size:12px; }#ftg-3030 .tile .caption-outside .text-wrapper span.text { font-size:12px; }#ftg-3030 .tile .caption-block .text-wrapper span.title { font-size:14px; }#ftg-3030 .tile .caption-outside .text-wrapper span.title { font-size:14px; }#ftg-3030 .tile { background-color: transparent; }#ftg-3030 .tile .caption-block .text-wrapper span.text { color: #ffffff; }#ftg-3030 .tile .caption-block .text-wrapper span.title { color: #ffffff; }#ftg-3030 .tile .caption-outside .text-wrapper span.text { color: #ffffff; }#ftg-3030 .tile .caption-outside .text-wrapper span.title { color: #ffffff; }#ftg-3030 .tile .ftg-social a { color: #ffffff; }#ftg-3030 .tile .caption-block { transition-duration:0.25s; }#ftg-3030 .tile .tile-inner:before { background-color: #000000; }#ftg-3030 .tile .tile-inner:before { background-color: rgba(0, 0, 0, 0.8); }#ftg-3030 .tile:hover img {-moz-transform: -moz-rotate(0deg) -moz-scale(0) ;-webkit-transform: -webkit-rotate(0deg) -webkit-scale(0) ;-o-transform: -o-rotate(0deg) -o-scale(0) ;-ms-transform: -ms-rotate(0deg) -ms-scale(0) ;transform: rotate(0deg) scale(0) ;}<\/style><a name=\"30\"><\/a><div class=\"final-tiles-gallery  ftg-hover-enabled caption-inside  caption-none caption-middle caption-center\" id=\"ftg-3030\" style=\"width: 100%\"><div class='ftg-items'><div class='loading-bar'><i><\/i><\/div><div  class='tile ftg-preload  '><a title=\"Vuonna 1960 Hervannan takamaat olivat asumatonta er\u00e4maata\" data-lightbox='ftg-3030' rel='ftg-3030'  class=' tile-inner  ftg-lightbox' href='https:\/\/www.veikkovasama.fi\/digiportfoliot\/wp-content\/uploads\/2026\/01\/a00-Vanha-kartta-1024x761.jpg' ><img alt='Vuonna 1960 Hervannan takamaat olivat asumatonta er\u00e4maata' class='item skip-lazy' data-class='item' data-ftg-source='https:\/\/www.veikkovasama.fi\/digiportfoliot\/wp-content\/uploads\/2026\/01\/a00-Vanha-kartta-150x150.jpg' src='https:\/\/www.veikkovasama.fi\/digiportfoliot\/wp-content\/uploads\/2026\/01\/a00-Vanha-kartta-150x150.jpg' width='150' height='150' \/><div class='caption-block'><div class='text-wrapper'><span class='title'>Vuonna 1960 Hervannan takamaat olivat asumatonta er\u00e4maata<\/span><\/div><\/div><\/a><div class='ftg-social'><\/div><\/div><div  class='tile ftg-preload  '><a title=\"Hervantaj\u00e4rven rakentaminen aluillaan 2021 (kuvaaja ei tiedossa)\" data-lightbox='ftg-3030' rel='ftg-3030'  class=' tile-inner  ftg-lightbox' href='https:\/\/www.veikkovasama.fi\/digiportfoliot\/wp-content\/uploads\/2026\/01\/a001-Ensimmaiset-talot-1024x730.jpg' ><img alt='Hervantaj\u00e4rven rakentaminen aluillaan 2021 (kuvaaja ei tiedossa)' class='item skip-lazy' data-class='item' data-ftg-source='https:\/\/www.veikkovasama.fi\/digiportfoliot\/wp-content\/uploads\/2026\/01\/a001-Ensimmaiset-talot-150x150.jpg' src='https:\/\/www.veikkovasama.fi\/digiportfoliot\/wp-content\/uploads\/2026\/01\/a001-Ensimmaiset-talot-150x150.jpg' width='150' height='150' \/><div class='caption-block'><div class='text-wrapper'><span class='title'>Hervantaj\u00e4rven rakentaminen aluillaan 2021 (kuvaaja ei tiedossa)<\/span><span class='text'>Ensimm\u00e4iset talot rakenteilla<\/span><\/div><\/div><\/a><div class='ftg-social'><\/div><\/div><div  class='tile ftg-preload  '><a title=\"Kotitalo (Makkaraj\u00e4rvenkatu 50) l\u00e4hes valmiina 3\/2022\" data-lightbox='ftg-3030' rel='ftg-3030'  class=' tile-inner  ftg-lightbox' href='https:\/\/www.veikkovasama.fi\/digiportfoliot\/wp-content\/uploads\/2026\/01\/a03-Kotitalo-lahes-valmiina-maa22-1-1024x669.jpg' ><img alt='Kotitalo (Makkaraj\u00e4rvenkatu 50) l\u00e4hes valmiina 3\/2022' class='item skip-lazy' data-class='item' data-ftg-source='https:\/\/www.veikkovasama.fi\/digiportfoliot\/wp-content\/uploads\/2026\/01\/a03-Kotitalo-lahes-valmiina-maa22-1-150x150.jpg' src='https:\/\/www.veikkovasama.fi\/digiportfoliot\/wp-content\/uploads\/2026\/01\/a03-Kotitalo-lahes-valmiina-maa22-1-150x150.jpg' width='150' height='150' \/><div class='caption-block'><div class='text-wrapper'><span class='title'>Kotitalo (Makkaraj\u00e4rvenkatu 50) l\u00e4hes valmiina 3\/2022<\/span><\/div><\/div><\/a><div class='ftg-social'><\/div><\/div><div  class='tile ftg-preload  '><a title=\"Havukankaari 5\/2022\" data-lightbox='ftg-3030' rel='ftg-3030'  class=' tile-inner  ftg-lightbox' href='https:\/\/www.veikkovasama.fi\/digiportfoliot\/wp-content\/uploads\/2026\/01\/a05-Havukankaari-tou-22-1024x692.jpg' ><img alt='Havukankaari 5\/2022' class='item skip-lazy' data-class='item' data-ftg-source='https:\/\/www.veikkovasama.fi\/digiportfoliot\/wp-content\/uploads\/2026\/01\/a05-Havukankaari-tou-22-150x150.jpg' src='https:\/\/www.veikkovasama.fi\/digiportfoliot\/wp-content\/uploads\/2026\/01\/a05-Havukankaari-tou-22-150x150.jpg' width='150' height='150' \/><div class='caption-block'><div class='text-wrapper'><span class='title'>Havukankaari 5\/2022<\/span><\/div><\/div><\/a><div class='ftg-social'><\/div><\/div><div  class='tile ftg-preload  '><a title=\"Maansiirtoa Havukankaarella 5\/2022\" data-lightbox='ftg-3030' rel='ftg-3030'  class=' tile-inner  ftg-lightbox' href='https:\/\/www.veikkovasama.fi\/digiportfoliot\/wp-content\/uploads\/2026\/01\/a05-Maansiirtoa-Havukankaarella-tou-22-1024x682.jpg' ><img alt='Maansiirtoa Havukankaarella 5\/2022' class='item skip-lazy' data-class='item' data-ftg-source='https:\/\/www.veikkovasama.fi\/digiportfoliot\/wp-content\/uploads\/2026\/01\/a05-Maansiirtoa-Havukankaarella-tou-22-150x150.jpg' src='https:\/\/www.veikkovasama.fi\/digiportfoliot\/wp-content\/uploads\/2026\/01\/a05-Maansiirtoa-Havukankaarella-tou-22-150x150.jpg' width='150' height='150' \/><div class='caption-block'><div class='text-wrapper'><span class='title'>Maansiirtoa Havukankaarella 5\/2022<\/span><\/div><\/div><\/a><div class='ftg-social'><\/div><\/div><div  class='tile ftg-preload  '><a title=\"N\u00e4kym\u00e4 omalta parvekkeelta 5\/2022\" data-lightbox='ftg-3030' rel='ftg-3030'  class=' tile-inner  ftg-lightbox' href='https:\/\/www.veikkovasama.fi\/digiportfoliot\/wp-content\/uploads\/2026\/01\/a05-Parvekkeelta-alas-tou-22-1024x682.jpg' ><img alt='N\u00e4kym\u00e4 omalta parvekkeelta 5\/2022' class='item skip-lazy' data-class='item' data-ftg-source='https:\/\/www.veikkovasama.fi\/digiportfoliot\/wp-content\/uploads\/2026\/01\/a05-Parvekkeelta-alas-tou-22-150x150.jpg' src='https:\/\/www.veikkovasama.fi\/digiportfoliot\/wp-content\/uploads\/2026\/01\/a05-Parvekkeelta-alas-tou-22-150x150.jpg' width='150' height='150' \/><div class='caption-block'><div class='text-wrapper'><span class='title'>N\u00e4kym\u00e4 omalta parvekkeelta 5\/2022<\/span><\/div><\/div><\/a><div class='ftg-social'><\/div><\/div><div  class='tile ftg-preload  '><a title=\"N\u00e4kym\u00e4 Makkaraj\u00e4rven polun l\u00e4ht\u00f6paikalta 5\/2022\" data-lightbox='ftg-3030' rel='ftg-3030'  class=' tile-inner  ftg-lightbox' href='https:\/\/www.veikkovasama.fi\/digiportfoliot\/wp-content\/uploads\/2026\/01\/a05-Polun-lahtop-14-5-2022-tiukempi-1024x284.jpg' ><img alt='N\u00e4kym\u00e4 Makkaraj\u00e4rven polun l\u00e4ht\u00f6paikalta 5\/2022' class='item skip-lazy' data-class='item' data-ftg-source='https:\/\/www.veikkovasama.fi\/digiportfoliot\/wp-content\/uploads\/2026\/01\/a05-Polun-lahtop-14-5-2022-tiukempi-150x150.jpg' src='https:\/\/www.veikkovasama.fi\/digiportfoliot\/wp-content\/uploads\/2026\/01\/a05-Polun-lahtop-14-5-2022-tiukempi-150x150.jpg' width='150' height='150' \/><div class='caption-block'><div class='text-wrapper'><span class='title'>N\u00e4kym\u00e4 Makkaraj\u00e4rven polun l\u00e4ht\u00f6paikalta 5\/2022<\/span><\/div><\/div><\/a><div class='ftg-social'><\/div><\/div><div  class='tile ftg-preload  '><a title=\"N\u00e4kym\u00e4 illalla Makkaraj\u00e4rven polun l\u00e4ht\u00f6paikalta 7\/2022\" data-lightbox='ftg-3030' rel='ftg-3030'  class=' tile-inner  ftg-lightbox' href='https:\/\/www.veikkovasama.fi\/digiportfoliot\/wp-content\/uploads\/2026\/01\/a07-Illalla-polun-paasta-hei-22-1024x497.jpg' ><img alt='N\u00e4kym\u00e4 illalla Makkaraj\u00e4rven polun l\u00e4ht\u00f6paikalta 7\/2022' class='item skip-lazy' data-class='item' data-ftg-source='https:\/\/www.veikkovasama.fi\/digiportfoliot\/wp-content\/uploads\/2026\/01\/a07-Illalla-polun-paasta-hei-22-150x150.jpg' src='https:\/\/www.veikkovasama.fi\/digiportfoliot\/wp-content\/uploads\/2026\/01\/a07-Illalla-polun-paasta-hei-22-150x150.jpg' width='150' height='150' \/><div class='caption-block'><div class='text-wrapper'><span class='title'>N\u00e4kym\u00e4 illalla Makkaraj\u00e4rven polun l\u00e4ht\u00f6paikalta 7\/2022<\/span><\/div><\/div><\/a><div class='ftg-social'><\/div><\/div><div  class='tile ftg-preload  '><a title=\"J\u00e4\u00e4kiekon MM-kisojen loppuottelun aikana ilmestynyt sateenkaari enteili mestaruutta 5\/2022\" data-lightbox='ftg-3030' rel='ftg-3030'  class=' tile-inner  ftg-lightbox' href='https:\/\/www.veikkovasama.fi\/digiportfoliot\/wp-content\/uploads\/2026\/01\/a05-Sateenkaari-tou-22-1-1024x565.jpg' ><img alt='J\u00e4\u00e4kiekon MM-kisojen loppuottelun aikana ilmestynyt sateenkaari enteili mestaruutta 5\/2022' class='item skip-lazy' data-class='item' data-ftg-source='https:\/\/www.veikkovasama.fi\/digiportfoliot\/wp-content\/uploads\/2026\/01\/a05-Sateenkaari-tou-22-1-150x150.jpg' src='https:\/\/www.veikkovasama.fi\/digiportfoliot\/wp-content\/uploads\/2026\/01\/a05-Sateenkaari-tou-22-1-150x150.jpg' width='150' height='150' \/><div class='caption-block'><div class='text-wrapper'><span class='title'>J\u00e4\u00e4kiekon MM-kisojen loppuottelun aikana ilmestynyt sateenkaari enteili mestaruutta 5\/2022<\/span><\/div><\/div><\/a><div class='ftg-social'><\/div><\/div><div  class='tile ftg-preload  '><a title=\"Hervantaj\u00e4rven Mansikka, rakentamista nykytekniikalla 8\/2022\" data-lightbox='ftg-3030' rel='ftg-3030'  class=' tile-inner  ftg-lightbox' href='https:\/\/www.veikkovasama.fi\/digiportfoliot\/wp-content\/uploads\/2026\/01\/a08-Hervantajarven-mansikka-elo-22-1024x682.jpg' ><img alt='Hervantaj\u00e4rven Mansikka, rakentamista nykytekniikalla 8\/2022' class='item skip-lazy' data-class='item' data-ftg-source='https:\/\/www.veikkovasama.fi\/digiportfoliot\/wp-content\/uploads\/2026\/01\/a08-Hervantajarven-mansikka-elo-22-150x150.jpg' src='https:\/\/www.veikkovasama.fi\/digiportfoliot\/wp-content\/uploads\/2026\/01\/a08-Hervantajarven-mansikka-elo-22-150x150.jpg' width='150' height='150' \/><div class='caption-block'><div class='text-wrapper'><span class='title'>Hervantaj\u00e4rven Mansikka, rakentamista nykytekniikalla 8\/2022<\/span><\/div><\/div><\/a><div class='ftg-social'><\/div><\/div><div  class='tile ftg-preload  '><a title=\"Naapuritalon perustukset 9\/2022\" data-lightbox='ftg-3030' rel='ftg-3030'  class=' tile-inner  ftg-lightbox' href='https:\/\/www.veikkovasama.fi\/digiportfoliot\/wp-content\/uploads\/2026\/01\/a09-Naapuritalon-perustukset-syys-22-1024x682.jpg' ><img alt='Naapuritalon perustukset 9\/2022' class='item skip-lazy' data-class='item' data-ftg-source='https:\/\/www.veikkovasama.fi\/digiportfoliot\/wp-content\/uploads\/2026\/01\/a09-Naapuritalon-perustukset-syys-22-150x150.jpg' src='https:\/\/www.veikkovasama.fi\/digiportfoliot\/wp-content\/uploads\/2026\/01\/a09-Naapuritalon-perustukset-syys-22-150x150.jpg' width='150' height='150' \/><div class='caption-block'><div class='text-wrapper'><span class='title'>Naapuritalon perustukset 9\/2022<\/span><\/div><\/div><\/a><div class='ftg-social'><\/div><\/div><div  class='tile ftg-preload  '><a title=\"Lyyrapyrst\u00f6 rakenteilla 9\/2022\" data-lightbox='ftg-3030' rel='ftg-3030'  class=' tile-inner  ftg-lightbox' href='https:\/\/www.veikkovasama.fi\/digiportfoliot\/wp-content\/uploads\/2026\/01\/a09-Uimarannan-th-talo-syys-22-1024x693.jpg' ><img alt='Lyyrapyrst\u00f6 rakenteilla 9\/2022' class='item skip-lazy' data-class='item' data-ftg-source='https:\/\/www.veikkovasama.fi\/digiportfoliot\/wp-content\/uploads\/2026\/01\/a09-Uimarannan-th-talo-syys-22-150x150.jpg' src='https:\/\/www.veikkovasama.fi\/digiportfoliot\/wp-content\/uploads\/2026\/01\/a09-Uimarannan-th-talo-syys-22-150x150.jpg' width='150' height='150' \/><div class='caption-block'><div class='text-wrapper'><span class='title'>Lyyrapyrst\u00f6 rakenteilla 9\/2022<\/span><\/div><\/div><\/a><div class='ftg-social'><\/div><\/div><div  class='tile ftg-preload  '><a title=\"Torninosturi naapuritalon ty\u00f6maalla 10\/2022\" data-lightbox='ftg-3030' rel='ftg-3030'  class=' tile-inner  ftg-lightbox' href='https:\/\/www.veikkovasama.fi\/digiportfoliot\/wp-content\/uploads\/2026\/01\/a10-Nosturi-naapurissa-loka22-1024x698.jpg' ><img alt='Torninosturi naapuritalon ty\u00f6maalla 10\/2022' class='item skip-lazy' data-class='item' data-ftg-source='https:\/\/www.veikkovasama.fi\/digiportfoliot\/wp-content\/uploads\/2026\/01\/a10-Nosturi-naapurissa-loka22-150x150.jpg' src='https:\/\/www.veikkovasama.fi\/digiportfoliot\/wp-content\/uploads\/2026\/01\/a10-Nosturi-naapurissa-loka22-150x150.jpg' width='150' height='150' \/><div class='caption-block'><div class='text-wrapper'><span class='title'>Torninosturi naapuritalon ty\u00f6maalla 10\/2022<\/span><\/div><\/div><\/a><div class='ftg-social'><\/div><\/div><div  class='tile ftg-preload  '><a title=\"Kaksi n\u00e4kym\u00e4\u00e4 omalta parvekkeelta\" data-lightbox='ftg-3030' rel='ftg-3030'  class=' tile-inner  ftg-lightbox' href='https:\/\/www.veikkovasama.fi\/digiportfoliot\/wp-content\/uploads\/2026\/01\/d01-Parvekkeelta-yhd2-1024x706.jpg' ><img alt='Kaksi n\u00e4kym\u00e4\u00e4 omalta parvekkeelta' class='item skip-lazy' data-class='item' data-ftg-source='https:\/\/www.veikkovasama.fi\/digiportfoliot\/wp-content\/uploads\/2026\/01\/d01-Parvekkeelta-yhd2-150x150.jpg' src='https:\/\/www.veikkovasama.fi\/digiportfoliot\/wp-content\/uploads\/2026\/01\/d01-Parvekkeelta-yhd2-150x150.jpg' width='150' height='150' \/><div class='caption-block'><div class='text-wrapper'><span class='title'>Kaksi n\u00e4kym\u00e4\u00e4 omalta parvekkeelta<\/span><\/div><\/div><\/a><div class='ftg-social'><\/div><\/div><div  class='tile ftg-preload  '><a title=\"Keskitalvea Hervantaj\u00e4rvell\u00e4 12\/2022\" data-lightbox='ftg-3030' rel='ftg-3030'  class=' tile-inner  ftg-lightbox' href='https:\/\/www.veikkovasama.fi\/digiportfoliot\/wp-content\/uploads\/2026\/01\/a12-Keskitalvi-1-1024x641.jpg' ><img alt='Keskitalvea Hervantaj\u00e4rvell\u00e4 12\/2022' class='item skip-lazy' data-class='item' data-ftg-source='https:\/\/www.veikkovasama.fi\/digiportfoliot\/wp-content\/uploads\/2026\/01\/a12-Keskitalvi-1-150x150.jpg' src='https:\/\/www.veikkovasama.fi\/digiportfoliot\/wp-content\/uploads\/2026\/01\/a12-Keskitalvi-1-150x150.jpg' width='150' height='150' \/><div class='caption-block'><div class='text-wrapper'><span class='title'>Keskitalvea Hervantaj\u00e4rvell\u00e4 12\/2022<\/span><\/div><\/div><\/a><div class='ftg-social'><\/div><\/div><div  class='tile ftg-preload  '><a title=\"Ratikka p\u00e4\u00e4tt\u00e4rill\u00e4 12\/2022\" data-lightbox='ftg-3030' rel='ftg-3030'  class=' tile-inner  ftg-lightbox' href='https:\/\/www.veikkovasama.fi\/digiportfoliot\/wp-content\/uploads\/2026\/01\/a12-Ratikka-illalla-jou-22-1024x693.jpg' ><img alt='Ratikka p\u00e4\u00e4tt\u00e4rill\u00e4 12\/2022' class='item skip-lazy' data-class='item' data-ftg-source='https:\/\/www.veikkovasama.fi\/digiportfoliot\/wp-content\/uploads\/2026\/01\/a12-Ratikka-illalla-jou-22-150x150.jpg' src='https:\/\/www.veikkovasama.fi\/digiportfoliot\/wp-content\/uploads\/2026\/01\/a12-Ratikka-illalla-jou-22-150x150.jpg' width='150' height='150' \/><div class='caption-block'><div class='text-wrapper'><span class='title'>Ratikka p\u00e4\u00e4tt\u00e4rill\u00e4 12\/2022<\/span><\/div><\/div><\/a><div class='ftg-social'><\/div><\/div><div  class='tile ftg-preload  '><a title=\"Ruskonkeh\u00e4n alikulku 12\/2022\" data-lightbox='ftg-3030' rel='ftg-3030'  class=' tile-inner  ftg-lightbox' href='https:\/\/www.veikkovasama.fi\/digiportfoliot\/wp-content\/uploads\/2026\/01\/a12-Ruskonkehan-alikulku-1024x705.jpg' ><img alt='Ruskonkeh\u00e4n alikulku 12\/2022' class='item skip-lazy' data-class='item' data-ftg-source='https:\/\/www.veikkovasama.fi\/digiportfoliot\/wp-content\/uploads\/2026\/01\/a12-Ruskonkehan-alikulku-150x150.jpg' src='https:\/\/www.veikkovasama.fi\/digiportfoliot\/wp-content\/uploads\/2026\/01\/a12-Ruskonkehan-alikulku-150x150.jpg' width='150' height='150' \/><div class='caption-block'><div class='text-wrapper'><span class='title'>Ruskonkeh\u00e4n alikulku 12\/2022<\/span><\/div><\/div><\/a><div class='ftg-social'><\/div><\/div><div  class='tile ftg-preload  '><a title=\"Auto kuin leiv\u00e4npaahdin 1\/2023\" data-lightbox='ftg-3030' rel='ftg-3030'  class=' tile-inner  ftg-lightbox' href='https:\/\/www.veikkovasama.fi\/digiportfoliot\/wp-content\/uploads\/2026\/01\/b01-Leivanpaahdinauto-tam23-1024x656.jpg' ><img alt='Auto kuin leiv\u00e4npaahdin 1\/2023' class='item skip-lazy' data-class='item' data-ftg-source='https:\/\/www.veikkovasama.fi\/digiportfoliot\/wp-content\/uploads\/2026\/01\/b01-Leivanpaahdinauto-tam23-150x150.jpg' src='https:\/\/www.veikkovasama.fi\/digiportfoliot\/wp-content\/uploads\/2026\/01\/b01-Leivanpaahdinauto-tam23-150x150.jpg' width='150' height='150' \/><div class='caption-block'><div class='text-wrapper'><span class='title'>Auto kuin leiv\u00e4npaahdin 1\/2023<\/span><\/div><\/div><\/a><div class='ftg-social'><\/div><\/div><div  class='tile ftg-preload  '><a title=\"Ruskonkeh\u00e4n paha risteys 1\/2026\" data-lightbox='ftg-3030' rel='ftg-3030'  class=' tile-inner  ftg-lightbox' href='https:\/\/www.veikkovasama.fi\/digiportfoliot\/wp-content\/uploads\/2026\/01\/b01-Ruskontien-risteys-1024x661.jpg' ><img alt='Ruskonkeh\u00e4n paha risteys 1\/2026' class='item skip-lazy' data-class='item' data-ftg-source='https:\/\/www.veikkovasama.fi\/digiportfoliot\/wp-content\/uploads\/2026\/01\/b01-Ruskontien-risteys-150x150.jpg' src='https:\/\/www.veikkovasama.fi\/digiportfoliot\/wp-content\/uploads\/2026\/01\/b01-Ruskontien-risteys-150x150.jpg' width='150' height='150' \/><div class='caption-block'><div class='text-wrapper'><span class='title'>Ruskonkeh\u00e4n paha risteys 1\/2026<\/span><\/div><\/div><\/a><div class='ftg-social'><\/div><\/div><div  class='tile ftg-preload  '><a title=\"L\u00e4hikaupan avajaiset 2\/2023\" data-lightbox='ftg-3030' rel='ftg-3030'  class=' tile-inner  ftg-lightbox' href='https:\/\/www.veikkovasama.fi\/digiportfoliot\/wp-content\/uploads\/2026\/01\/b02-Lahikaupan-avajaiset-hel-23-1024x674.jpg' ><img alt='L\u00e4hikaupan avajaiset 2\/2023' class='item skip-lazy' data-class='item' data-ftg-source='https:\/\/www.veikkovasama.fi\/digiportfoliot\/wp-content\/uploads\/2026\/01\/b02-Lahikaupan-avajaiset-hel-23-150x150.jpg' src='https:\/\/www.veikkovasama.fi\/digiportfoliot\/wp-content\/uploads\/2026\/01\/b02-Lahikaupan-avajaiset-hel-23-150x150.jpg' width='150' height='150' \/><div class='caption-block'><div class='text-wrapper'><span class='title'>L\u00e4hikaupan avajaiset 2\/2023<\/span><\/div><\/div><\/a><div class='ftg-social'><\/div><\/div><div  class='tile ftg-preload  '><a title=\"Viimeinen Hervantaj\u00e4rven ty\u00f6mailla k\u00e4yt\u00f6ss\u00e4 ollut torninosturi purettiin 2\/2023\" data-lightbox='ftg-3030' rel='ftg-3030'  class=' tile-inner  ftg-lightbox' href='https:\/\/www.veikkovasama.fi\/digiportfoliot\/wp-content\/uploads\/2026\/01\/b02-Nosturin-purku2-hel-23-831x1024.jpg' ><img alt='Viimeinen Hervantaj\u00e4rven ty\u00f6mailla k\u00e4yt\u00f6ss\u00e4 ollut torninosturi purettiin 2\/2023' class='item skip-lazy' data-class='item' data-ftg-source='https:\/\/www.veikkovasama.fi\/digiportfoliot\/wp-content\/uploads\/2026\/01\/b02-Nosturin-purku2-hel-23-150x150.jpg' src='https:\/\/www.veikkovasama.fi\/digiportfoliot\/wp-content\/uploads\/2026\/01\/b02-Nosturin-purku2-hel-23-150x150.jpg' width='150' height='150' \/><div class='caption-block'><div class='text-wrapper'><span class='title'>Viimeinen Hervantaj\u00e4rven ty\u00f6mailla k\u00e4yt\u00f6ss\u00e4 ollut torninosturi purettiin 2\/2023<\/span><\/div><\/div><\/a><div class='ftg-social'><\/div><\/div><div  class='tile ftg-preload  '><a title=\"Opiskelija-asuntolat 3\/2023\" data-lightbox='ftg-3030' rel='ftg-3030'  class=' tile-inner  ftg-lightbox' href='https:\/\/www.veikkovasama.fi\/digiportfoliot\/wp-content\/uploads\/2026\/01\/b03-Opiskelijoiden-talot-maa-23-1-1024x701.jpg' ><img alt='Opiskelija-asuntolat 3\/2023' class='item skip-lazy' data-class='item' data-ftg-source='https:\/\/www.veikkovasama.fi\/digiportfoliot\/wp-content\/uploads\/2026\/01\/b03-Opiskelijoiden-talot-maa-23-1-150x150.jpg' src='https:\/\/www.veikkovasama.fi\/digiportfoliot\/wp-content\/uploads\/2026\/01\/b03-Opiskelijoiden-talot-maa-23-1-150x150.jpg' width='150' height='150' \/><div class='caption-block'><div class='text-wrapper'><span class='title'>Opiskelija-asuntolat 3\/2023<\/span><\/div><\/div><\/a><div class='ftg-social'><\/div><\/div><div  class='tile ftg-preload  '><a title=\"Hervantaj\u00e4rven Havun tontti 7\/2023\" data-lightbox='ftg-3030' rel='ftg-3030'  class=' tile-inner  ftg-lightbox' href='https:\/\/www.veikkovasama.fi\/digiportfoliot\/wp-content\/uploads\/2026\/01\/b07-Hervantajarven-Havun-tontti-hei-23-1024x682.jpg' ><img alt='Hervantaj\u00e4rven Havun tontti 7\/2023' class='item skip-lazy' data-class='item' data-ftg-source='https:\/\/www.veikkovasama.fi\/digiportfoliot\/wp-content\/uploads\/2026\/01\/b07-Hervantajarven-Havun-tontti-hei-23-150x150.jpg' src='https:\/\/www.veikkovasama.fi\/digiportfoliot\/wp-content\/uploads\/2026\/01\/b07-Hervantajarven-Havun-tontti-hei-23-150x150.jpg' width='150' height='150' \/><div class='caption-block'><div class='text-wrapper'><span class='title'>Hervantaj\u00e4rven Havun tontti 7\/2023<\/span><\/div><\/div><\/a><div class='ftg-social'><\/div><\/div><div  class='tile ftg-preload  '><a title=\"Parkkipaikkatilanne n\u00e4kyy Makkaraj\u00e4rvenkadulla 7\/2023\" data-lightbox='ftg-3030' rel='ftg-3030'  class=' tile-inner  ftg-lightbox' href='https:\/\/www.veikkovasama.fi\/digiportfoliot\/wp-content\/uploads\/2026\/01\/b07-Pysakointitilanne-1024x677.jpg' ><img alt='Parkkipaikkatilanne n\u00e4kyy Makkaraj\u00e4rvenkadulla 7\/2023' class='item skip-lazy' data-class='item' data-ftg-source='https:\/\/www.veikkovasama.fi\/digiportfoliot\/wp-content\/uploads\/2026\/01\/b07-Pysakointitilanne-150x150.jpg' src='https:\/\/www.veikkovasama.fi\/digiportfoliot\/wp-content\/uploads\/2026\/01\/b07-Pysakointitilanne-150x150.jpg' width='150' height='150' \/><div class='caption-block'><div class='text-wrapper'><span class='title'>Parkkipaikkatilanne n\u00e4kyy Makkaraj\u00e4rvenkadulla 7\/2023<\/span><\/div><\/div><\/a><div class='ftg-social'><\/div><\/div><div  class='tile ftg-preload  '><a title=\"K\u00e4pyjen maalaus 8\/2023\" data-lightbox='ftg-3030' rel='ftg-3030'  class=' tile-inner  ftg-lightbox' href='https:\/\/www.veikkovasama.fi\/digiportfoliot\/wp-content\/uploads\/2026\/01\/b08-Kapyjen-maalaus2-elo-23-1024x682.jpg' ><img alt='K\u00e4pyjen maalaus 8\/2023' class='item skip-lazy' data-class='item' data-ftg-source='https:\/\/www.veikkovasama.fi\/digiportfoliot\/wp-content\/uploads\/2026\/01\/b08-Kapyjen-maalaus2-elo-23-150x150.jpg' src='https:\/\/www.veikkovasama.fi\/digiportfoliot\/wp-content\/uploads\/2026\/01\/b08-Kapyjen-maalaus2-elo-23-150x150.jpg' width='150' height='150' \/><div class='caption-block'><div class='text-wrapper'><span class='title'>K\u00e4pyjen maalaus 8\/2023<\/span><\/div><\/div><\/a><div class='ftg-social'><\/div><\/div><div  class='tile ftg-preload  '><a title=\"Hervantaj\u00e4rven Havun valuty\u00f6t k\u00e4ynniss\u00e4 9\/2023\" data-lightbox='ftg-3030' rel='ftg-3030'  class=' tile-inner  ftg-lightbox' href='https:\/\/www.veikkovasama.fi\/digiportfoliot\/wp-content\/uploads\/2026\/01\/b09-Valuhommia-Syyskuu-23-1024x683.jpg' ><img alt='Hervantaj\u00e4rven Havun valuty\u00f6t k\u00e4ynniss\u00e4 9\/2023' class='item skip-lazy' data-class='item' data-ftg-source='https:\/\/www.veikkovasama.fi\/digiportfoliot\/wp-content\/uploads\/2026\/01\/b09-Valuhommia-Syyskuu-23-150x150.jpg' src='https:\/\/www.veikkovasama.fi\/digiportfoliot\/wp-content\/uploads\/2026\/01\/b09-Valuhommia-Syyskuu-23-150x150.jpg' width='150' height='150' \/><div class='caption-block'><div class='text-wrapper'><span class='title'>Hervantaj\u00e4rven Havun valuty\u00f6t k\u00e4ynniss\u00e4 9\/2023<\/span><\/div><\/div><\/a><div class='ftg-social'><\/div><\/div><div  class='tile ftg-preload  '><a title=\"Havukankaaren ty\u00f6maita 11\/2023\" data-lightbox='ftg-3030' rel='ftg-3030'  class=' tile-inner  ftg-lightbox' href='https:\/\/www.veikkovasama.fi\/digiportfoliot\/wp-content\/uploads\/2026\/01\/b11-Havukankaaren-tyomaita-marr-23-1024x682.jpg' ><img alt='Havukankaaren ty\u00f6maita 11\/2023' class='item skip-lazy' data-class='item' data-ftg-source='https:\/\/www.veikkovasama.fi\/digiportfoliot\/wp-content\/uploads\/2026\/01\/b11-Havukankaaren-tyomaita-marr-23-150x150.jpg' src='https:\/\/www.veikkovasama.fi\/digiportfoliot\/wp-content\/uploads\/2026\/01\/b11-Havukankaaren-tyomaita-marr-23-150x150.jpg' width='150' height='150' \/><div class='caption-block'><div class='text-wrapper'><span class='title'>Havukankaaren ty\u00f6maita 11\/2023<\/span><\/div><\/div><\/a><div class='ftg-social'><\/div><\/div><div  class='tile ftg-preload  '><a title=\"Makkaraj\u00e4rvenkatu melkein valmiina 11\/2023\" data-lightbox='ftg-3030' rel='ftg-3030'  class=' tile-inner  ftg-lightbox' href='https:\/\/www.veikkovasama.fi\/digiportfoliot\/wp-content\/uploads\/2026\/01\/b11-Kotikatu-valmiin-nakoisena-marr-23-1024x638.jpg' ><img alt='Makkaraj\u00e4rvenkatu melkein valmiina 11\/2023' class='item skip-lazy' data-class='item' data-ftg-source='https:\/\/www.veikkovasama.fi\/digiportfoliot\/wp-content\/uploads\/2026\/01\/b11-Kotikatu-valmiin-nakoisena-marr-23-150x150.jpg' src='https:\/\/www.veikkovasama.fi\/digiportfoliot\/wp-content\/uploads\/2026\/01\/b11-Kotikatu-valmiin-nakoisena-marr-23-150x150.jpg' width='150' height='150' \/><div class='caption-block'><div class='text-wrapper'><span class='title'>Makkaraj\u00e4rvenkatu melkein valmiina 11\/2023<\/span><\/div><\/div><\/a><div class='ftg-social'><\/div><\/div><div  class='tile ftg-preload  '><a title=\"Makkaraj\u00e4rvenkatu illalla 11\/2023\" data-lightbox='ftg-3030' rel='ftg-3030'  class=' tile-inner  ftg-lightbox' href='https:\/\/www.veikkovasama.fi\/digiportfoliot\/wp-content\/uploads\/2026\/01\/b11-Makkarajarvenkatu-illalla-1024x711.jpg' ><img alt='Makkaraj\u00e4rvenkatu illalla 11\/2023' class='item skip-lazy' data-class='item' data-ftg-source='https:\/\/www.veikkovasama.fi\/digiportfoliot\/wp-content\/uploads\/2026\/01\/b11-Makkarajarvenkatu-illalla-150x150.jpg' src='https:\/\/www.veikkovasama.fi\/digiportfoliot\/wp-content\/uploads\/2026\/01\/b11-Makkarajarvenkatu-illalla-150x150.jpg' width='150' height='150' \/><div class='caption-block'><div class='text-wrapper'><span class='title'>Makkaraj\u00e4rvenkatu illalla 11\/2023<\/span><\/div><\/div><\/a><div class='ftg-social'><\/div><\/div><div  class='tile ftg-preload  '><a title=\"N\u00e4kym\u00e4 Havukankaarelta 12\/2023\" data-lightbox='ftg-3030' rel='ftg-3030'  class=' tile-inner  ftg-lightbox' href='https:\/\/www.veikkovasama.fi\/digiportfoliot\/wp-content\/uploads\/2026\/01\/b12-Havukankaarelta-23-joulukuu-1024x306.jpg' ><img alt='N\u00e4kym\u00e4 Havukankaarelta 12\/2023' class='item skip-lazy' data-class='item' data-ftg-source='https:\/\/www.veikkovasama.fi\/digiportfoliot\/wp-content\/uploads\/2026\/01\/b12-Havukankaarelta-23-joulukuu-150x150.jpg' src='https:\/\/www.veikkovasama.fi\/digiportfoliot\/wp-content\/uploads\/2026\/01\/b12-Havukankaarelta-23-joulukuu-150x150.jpg' width='150' height='150' \/><div class='caption-block'><div class='text-wrapper'><span class='title'>N\u00e4kym\u00e4 Havukankaarelta 12\/2023<\/span><\/div><\/div><\/a><div class='ftg-social'><\/div><\/div><div  class='tile ftg-preload  '><a title=\"Hervantaj\u00e4rven Havun ty\u00f6maa 12\/2023\" data-lightbox='ftg-3030' rel='ftg-3030'  class=' tile-inner  ftg-lightbox' href='https:\/\/www.veikkovasama.fi\/digiportfoliot\/wp-content\/uploads\/2026\/01\/b12-Hervantajarven-Havu-jou-23-1024x682.jpg' ><img alt='Hervantaj\u00e4rven Havun ty\u00f6maa 12\/2023' class='item skip-lazy' data-class='item' data-ftg-source='https:\/\/www.veikkovasama.fi\/digiportfoliot\/wp-content\/uploads\/2026\/01\/b12-Hervantajarven-Havu-jou-23-150x150.jpg' src='https:\/\/www.veikkovasama.fi\/digiportfoliot\/wp-content\/uploads\/2026\/01\/b12-Hervantajarven-Havu-jou-23-150x150.jpg' width='150' height='150' \/><div class='caption-block'><div class='text-wrapper'><span class='title'>Hervantaj\u00e4rven Havun ty\u00f6maa 12\/2023<\/span><\/div><\/div><\/a><div class='ftg-social'><\/div><\/div><div  class='tile ftg-preload  '><a title=\"Ensimm\u00e4inen talvi Hervantaj\u00e4rvell\u00e4 oli luminen 12\/2023\" data-lightbox='ftg-3030' rel='ftg-3030'  class=' tile-inner  ftg-lightbox' href='https:\/\/www.veikkovasama.fi\/digiportfoliot\/wp-content\/uploads\/2026\/01\/b12-Makkarajarvenkatu-jou-23-1024x695.jpg' ><img alt='Ensimm\u00e4inen talvi Hervantaj\u00e4rvell\u00e4 oli luminen 12\/2023' class='item skip-lazy' data-class='item' data-ftg-source='https:\/\/www.veikkovasama.fi\/digiportfoliot\/wp-content\/uploads\/2026\/01\/b12-Makkarajarvenkatu-jou-23-150x150.jpg' src='https:\/\/www.veikkovasama.fi\/digiportfoliot\/wp-content\/uploads\/2026\/01\/b12-Makkarajarvenkatu-jou-23-150x150.jpg' width='150' height='150' \/><div class='caption-block'><div class='text-wrapper'><span class='title'>Ensimm\u00e4inen talvi Hervantaj\u00e4rvell\u00e4 oli luminen 12\/2023<\/span><\/div><\/div><\/a><div class='ftg-social'><\/div><\/div><div  class='tile ftg-preload  '><a title=\"Hervantaj\u00e4rven Havu jo pitk\u00e4ll\u00e4 4\/2024\" data-lightbox='ftg-3030' rel='ftg-3030'  class=' tile-inner  ftg-lightbox' href='https:\/\/www.veikkovasama.fi\/digiportfoliot\/wp-content\/uploads\/2026\/01\/c04-Havu-pitkalla-huh-24-1024x660.jpg' ><img alt='Hervantaj\u00e4rven Havu jo pitk\u00e4ll\u00e4 4\/2024' class='item skip-lazy' data-class='item' data-ftg-source='https:\/\/www.veikkovasama.fi\/digiportfoliot\/wp-content\/uploads\/2026\/01\/c04-Havu-pitkalla-huh-24-150x150.jpg' src='https:\/\/www.veikkovasama.fi\/digiportfoliot\/wp-content\/uploads\/2026\/01\/c04-Havu-pitkalla-huh-24-150x150.jpg' width='150' height='150' \/><div class='caption-block'><div class='text-wrapper'><span class='title'>Hervantaj\u00e4rven Havu jo pitk\u00e4ll\u00e4 4\/2024<\/span><\/div><\/div><\/a><div class='ftg-social'><\/div><\/div><div  class='tile ftg-preload  '><a title=\"N\u00e4kym\u00e4 Makkaraj\u00e4rven polun l\u00e4ht\u00f6paikalta 8\/2024\" data-lightbox='ftg-3030' rel='ftg-3030'  class=' tile-inner  ftg-lightbox' href='https:\/\/www.veikkovasama.fi\/digiportfoliot\/wp-content\/uploads\/2026\/01\/c08-Polun-lahtopaikka-elo-24-1024x682.jpg' ><img alt='N\u00e4kym\u00e4 Makkaraj\u00e4rven polun l\u00e4ht\u00f6paikalta 8\/2024' class='item skip-lazy' data-class='item' data-ftg-source='https:\/\/www.veikkovasama.fi\/digiportfoliot\/wp-content\/uploads\/2026\/01\/c08-Polun-lahtopaikka-elo-24-150x150.jpg' src='https:\/\/www.veikkovasama.fi\/digiportfoliot\/wp-content\/uploads\/2026\/01\/c08-Polun-lahtopaikka-elo-24-150x150.jpg' width='150' height='150' \/><div class='caption-block'><div class='text-wrapper'><span class='title'>N\u00e4kym\u00e4 Makkaraj\u00e4rven polun l\u00e4ht\u00f6paikalta 8\/2024<\/span><\/div><\/div><\/a><div class='ftg-social'><\/div><\/div><div  class='tile ftg-preload  '><a title=\"Katut\u00f6it\u00e4 Kaakamonkaarella 9\/2024\" data-lightbox='ftg-3030' rel='ftg-3030'  class=' tile-inner  ftg-lightbox' href='https:\/\/www.veikkovasama.fi\/digiportfoliot\/wp-content\/uploads\/2026\/01\/c09-Katutoita-Kaakamonkaarella-syys-24-703x1024.jpg' ><img alt='Katut\u00f6it\u00e4 Kaakamonkaarella 9\/2024' class='item skip-lazy' data-class='item' data-ftg-source='https:\/\/www.veikkovasama.fi\/digiportfoliot\/wp-content\/uploads\/2026\/01\/c09-Katutoita-Kaakamonkaarella-syys-24-150x150.jpg' src='https:\/\/www.veikkovasama.fi\/digiportfoliot\/wp-content\/uploads\/2026\/01\/c09-Katutoita-Kaakamonkaarella-syys-24-150x150.jpg' width='150' height='150' \/><div class='caption-block'><div class='text-wrapper'><span class='title'>Katut\u00f6it\u00e4 Kaakamonkaarella 9\/2024<\/span><\/div><\/div><\/a><div class='ftg-social'><\/div><\/div><div  class='tile ftg-preload  '><a title=\"Tukiasemamaston takaa kaupan suuntaan 10\/2024\" data-lightbox='ftg-3030' rel='ftg-3030'  class=' tile-inner  ftg-lightbox' href='https:\/\/www.veikkovasama.fi\/digiportfoliot\/wp-content\/uploads\/2026\/01\/c10-Maston-takaa-kaupalle-pain-loka-24-1024x682.jpg' ><img alt='Tukiasemamaston takaa kaupan suuntaan 10\/2024' class='item skip-lazy' data-class='item' data-ftg-source='https:\/\/www.veikkovasama.fi\/digiportfoliot\/wp-content\/uploads\/2026\/01\/c10-Maston-takaa-kaupalle-pain-loka-24-150x150.jpg' src='https:\/\/www.veikkovasama.fi\/digiportfoliot\/wp-content\/uploads\/2026\/01\/c10-Maston-takaa-kaupalle-pain-loka-24-150x150.jpg' width='150' height='150' \/><div class='caption-block'><div class='text-wrapper'><span class='title'>Tukiasemamaston takaa kaupan suuntaan 10\/2024<\/span><\/div><\/div><\/a><div class='ftg-social'><\/div><\/div><div  class='tile ftg-preload  '><a title=\"Tulipalo Ruskon j\u00e4ttteidenk\u00e4sittelyasemalla11\/2024\" data-lightbox='ftg-3030' rel='ftg-3030'  class=' tile-inner  ftg-lightbox' href='https:\/\/www.veikkovasama.fi\/digiportfoliot\/wp-content\/uploads\/2026\/01\/c11-Ruskossa-palaa-marr24-1024x673.jpg' ><img alt='Tulipalo Ruskon j\u00e4ttteidenk\u00e4sittelyasemalla11\/2024' class='item skip-lazy' data-class='item' data-ftg-source='https:\/\/www.veikkovasama.fi\/digiportfoliot\/wp-content\/uploads\/2026\/01\/c11-Ruskossa-palaa-marr24-150x150.jpg' src='https:\/\/www.veikkovasama.fi\/digiportfoliot\/wp-content\/uploads\/2026\/01\/c11-Ruskossa-palaa-marr24-150x150.jpg' width='150' height='150' \/><div class='caption-block'><div class='text-wrapper'><span class='title'>Tulipalo Ruskon j\u00e4ttteidenk\u00e4sittelyasemalla11\/2024<\/span><\/div><\/div><\/a><div class='ftg-social'><\/div><\/div><div  class='tile ftg-preload  '><a title=\"Pientaloja Havukankaarella 1\/2025\" data-lightbox='ftg-3030' rel='ftg-3030'  class=' tile-inner  ftg-lightbox' href='https:\/\/www.veikkovasama.fi\/digiportfoliot\/wp-content\/uploads\/2026\/01\/d01-Havukankaari-tamm-25-1024x318.jpg' ><img alt='Pientaloja Havukankaarella 1\/2025' class='item skip-lazy' data-class='item' data-ftg-source='https:\/\/www.veikkovasama.fi\/digiportfoliot\/wp-content\/uploads\/2026\/01\/d01-Havukankaari-tamm-25-150x150.jpg' src='https:\/\/www.veikkovasama.fi\/digiportfoliot\/wp-content\/uploads\/2026\/01\/d01-Havukankaari-tamm-25-150x150.jpg' width='150' height='150' \/><div class='caption-block'><div class='text-wrapper'><span class='title'>Pientaloja Havukankaarella 1\/2025<\/span><\/div><\/div><\/a><div class='ftg-social'><\/div><\/div><div  class='tile ftg-preload  '><a title=\"Katua pest\u00e4\u00e4n 4\/2025\" data-lightbox='ftg-3030' rel='ftg-3030'  class=' tile-inner  ftg-lightbox' href='https:\/\/www.veikkovasama.fi\/digiportfoliot\/wp-content\/uploads\/2026\/01\/d04-Kadunpesija1-huh-25-1024x708.jpg' ><img alt='Katua pest\u00e4\u00e4n 4\/2025' class='item skip-lazy' data-class='item' data-ftg-source='https:\/\/www.veikkovasama.fi\/digiportfoliot\/wp-content\/uploads\/2026\/01\/d04-Kadunpesija1-huh-25-150x150.jpg' src='https:\/\/www.veikkovasama.fi\/digiportfoliot\/wp-content\/uploads\/2026\/01\/d04-Kadunpesija1-huh-25-150x150.jpg' width='150' height='150' \/><div class='caption-block'><div class='text-wrapper'><span class='title'>Katua pest\u00e4\u00e4n 4\/2025<\/span><\/div><\/div><\/a><div class='ftg-social'><\/div><\/div><div  class='tile ftg-preload  '><a title=\"N\u00e4kym\u00e4 leikkipuiston takaa 4\/2025\" data-lightbox='ftg-3030' rel='ftg-3030'  class=' tile-inner  ftg-lightbox' href='https:\/\/www.veikkovasama.fi\/digiportfoliot\/wp-content\/uploads\/2026\/01\/d04-Leikkipuiston-takaa-huh-25-1024x691.jpg' ><img alt='N\u00e4kym\u00e4 leikkipuiston takaa 4\/2025' class='item skip-lazy' data-class='item' data-ftg-source='https:\/\/www.veikkovasama.fi\/digiportfoliot\/wp-content\/uploads\/2026\/01\/d04-Leikkipuiston-takaa-huh-25-150x150.jpg' src='https:\/\/www.veikkovasama.fi\/digiportfoliot\/wp-content\/uploads\/2026\/01\/d04-Leikkipuiston-takaa-huh-25-150x150.jpg' width='150' height='150' \/><div class='caption-block'><div class='text-wrapper'><span class='title'>N\u00e4kym\u00e4 leikkipuiston takaa 4\/2025<\/span><\/div><\/div><\/a><div class='ftg-social'><\/div><\/div><div  class='tile ftg-preload  '><a title=\"R\u00e4j\u00e4ytys p\u00e4iv\u00e4kodin ty\u00f6maalla 4\/2025\" data-lightbox='ftg-3030' rel='ftg-3030'  class=' tile-inner  ftg-lightbox' href='https:\/\/www.veikkovasama.fi\/digiportfoliot\/wp-content\/uploads\/2026\/01\/d04-Paukku-paivakodin-tyomaalla-huh-25-1024x676.jpg' ><img alt='R\u00e4j\u00e4ytys p\u00e4iv\u00e4kodin ty\u00f6maalla 4\/2025' class='item skip-lazy' data-class='item' data-ftg-source='https:\/\/www.veikkovasama.fi\/digiportfoliot\/wp-content\/uploads\/2026\/01\/d04-Paukku-paivakodin-tyomaalla-huh-25-150x150.jpg' src='https:\/\/www.veikkovasama.fi\/digiportfoliot\/wp-content\/uploads\/2026\/01\/d04-Paukku-paivakodin-tyomaalla-huh-25-150x150.jpg' width='150' height='150' \/><div class='caption-block'><div class='text-wrapper'><span class='title'>R\u00e4j\u00e4ytys p\u00e4iv\u00e4kodin ty\u00f6maalla 4\/2025<\/span><\/div><\/div><\/a><div class='ftg-social'><\/div><\/div><div  class='tile ftg-preload  '><a title=\"Kallio palasiksi p\u00e4iv\u00e4kotity\u00f6maalla 4\/2025\" data-lightbox='ftg-3030' rel='ftg-3030'  class=' tile-inner  ftg-lightbox' href='https:\/\/www.veikkovasama.fi\/digiportfoliot\/wp-content\/uploads\/2026\/01\/d04-Paivakotityomaa2-huh-25-1024x682.jpg' ><img alt='Kallio palasiksi p\u00e4iv\u00e4kotity\u00f6maalla 4\/2025' class='item skip-lazy' data-class='item' data-ftg-source='https:\/\/www.veikkovasama.fi\/digiportfoliot\/wp-content\/uploads\/2026\/01\/d04-Paivakotityomaa2-huh-25-150x150.jpg' src='https:\/\/www.veikkovasama.fi\/digiportfoliot\/wp-content\/uploads\/2026\/01\/d04-Paivakotityomaa2-huh-25-150x150.jpg' width='150' height='150' \/><div class='caption-block'><div class='text-wrapper'><span class='title'>Kallio palasiksi p\u00e4iv\u00e4kotity\u00f6maalla 4\/2025<\/span><\/div><\/div><\/a><div class='ftg-social'><\/div><\/div><div  class='tile ftg-preload  '><a title=\"Petankkia kaupan edess\u00e4 5\/2025\" data-lightbox='ftg-3030' rel='ftg-3030'  class=' tile-inner  ftg-lightbox' href='https:\/\/www.veikkovasama.fi\/digiportfoliot\/wp-content\/uploads\/2026\/01\/d05-Petankkia-1024x670.jpg' ><img alt='Petankkia kaupan edess\u00e4 5\/2025' class='item skip-lazy' data-class='item' data-ftg-source='https:\/\/www.veikkovasama.fi\/digiportfoliot\/wp-content\/uploads\/2026\/01\/d05-Petankkia-150x150.jpg' src='https:\/\/www.veikkovasama.fi\/digiportfoliot\/wp-content\/uploads\/2026\/01\/d05-Petankkia-150x150.jpg' width='150' height='150' \/><div class='caption-block'><div class='text-wrapper'><span class='title'>Petankkia kaupan edess\u00e4 5\/2025<\/span><\/div><\/div><\/a><div class='ftg-social'><\/div><\/div><div  class='tile ftg-preload  '><a title=\"Hakkisenpuiston mikromets\u00e4 6\/2025\" data-lightbox='ftg-3030' rel='ftg-3030'  class=' tile-inner  ftg-lightbox' href='https:\/\/www.veikkovasama.fi\/digiportfoliot\/wp-content\/uploads\/2026\/01\/d06-Perustettu-puisto-kesa-25-1024x682.jpg' ><img alt='Hakkisenpuiston mikromets\u00e4 6\/2025' class='item skip-lazy' data-class='item' data-ftg-source='https:\/\/www.veikkovasama.fi\/digiportfoliot\/wp-content\/uploads\/2026\/01\/d06-Perustettu-puisto-kesa-25-150x150.jpg' src='https:\/\/www.veikkovasama.fi\/digiportfoliot\/wp-content\/uploads\/2026\/01\/d06-Perustettu-puisto-kesa-25-150x150.jpg' width='150' height='150' \/><div class='caption-block'><div class='text-wrapper'><span class='title'>Hakkisenpuiston mikromets\u00e4 6\/2025<\/span><\/div><\/div><\/a><div class='ftg-social'><\/div><\/div><div  class='tile ftg-preload  '><a title=\"P\u00e4iv\u00e4kodin sein\u00e4t ja katto erill\u00e4\u00e4n 10\/2025\" data-lightbox='ftg-3030' rel='ftg-3030'  class=' tile-inner  ftg-lightbox' href='https:\/\/www.veikkovasama.fi\/digiportfoliot\/wp-content\/uploads\/2026\/01\/d01-Paivakoti-vaiheessa-loka25-1024x688.jpg' ><img alt='P\u00e4iv\u00e4kodin sein\u00e4t ja katto erill\u00e4\u00e4n 10\/2025' class='item skip-lazy' data-class='item' data-ftg-source='https:\/\/www.veikkovasama.fi\/digiportfoliot\/wp-content\/uploads\/2026\/01\/d01-Paivakoti-vaiheessa-loka25-150x150.jpg' src='https:\/\/www.veikkovasama.fi\/digiportfoliot\/wp-content\/uploads\/2026\/01\/d01-Paivakoti-vaiheessa-loka25-150x150.jpg' width='150' height='150' \/><div class='caption-block'><div class='text-wrapper'><span class='title'>P\u00e4iv\u00e4kodin sein\u00e4t ja katto erill\u00e4\u00e4n 10\/2025<\/span><\/div><\/div><\/a><div class='ftg-social'><\/div><\/div><div  class='tile ftg-preload  '><a title=\"Kaksi n\u00e4kym\u00e4\u00e4 Hantanraitilta\" data-lightbox='ftg-3030' rel='ftg-3030'  class=' tile-inner  ftg-lightbox' href='https:\/\/www.veikkovasama.fi\/digiportfoliot\/wp-content\/uploads\/2026\/01\/d09-Hantanraitti-yhd-870x1024.jpg' ><img alt='Kaksi n\u00e4kym\u00e4\u00e4 Hantanraitilta' class='item skip-lazy' data-class='item' data-ftg-source='https:\/\/www.veikkovasama.fi\/digiportfoliot\/wp-content\/uploads\/2026\/01\/d09-Hantanraitti-yhd-150x150.jpg' src='https:\/\/www.veikkovasama.fi\/digiportfoliot\/wp-content\/uploads\/2026\/01\/d09-Hantanraitti-yhd-150x150.jpg' width='150' height='150' \/><div class='caption-block'><div class='text-wrapper'><span class='title'>Kaksi n\u00e4kym\u00e4\u00e4 Hantanraitilta<\/span><\/div><\/div><\/a><div class='ftg-social'><\/div><\/div><div  class='tile ftg-preload  '><a title=\"Kirkonmenot Makkaraj\u00e4rven mets\u00e4kappelissa 8\/2025\" data-lightbox='ftg-3030' rel='ftg-3030'  class=' tile-inner  ftg-lightbox' href='https:\/\/www.veikkovasama.fi\/digiportfoliot\/wp-content\/uploads\/2026\/01\/d08-Metsakirkko2-1-1024x683.jpg' ><img alt='Kirkonmenot Makkaraj\u00e4rven mets\u00e4kappelissa 8\/2025' class='item skip-lazy' data-class='item' data-ftg-source='https:\/\/www.veikkovasama.fi\/digiportfoliot\/wp-content\/uploads\/2026\/01\/d08-Metsakirkko2-1-150x150.jpg' src='https:\/\/www.veikkovasama.fi\/digiportfoliot\/wp-content\/uploads\/2026\/01\/d08-Metsakirkko2-1-150x150.jpg' width='150' height='150' \/><div class='caption-block'><div class='text-wrapper'><span class='title'>Kirkonmenot Makkaraj\u00e4rven mets\u00e4kappelissa 8\/2025<\/span><\/div><\/div><\/a><div class='ftg-social'><\/div><\/div><div  class='tile ftg-preload  '><a title=\"Koulusta kotiin lumipallojen kanssa 11\/2025\" data-lightbox='ftg-3030' rel='ftg-3030'  class=' tile-inner  ftg-lightbox' href='https:\/\/www.veikkovasama.fi\/digiportfoliot\/wp-content\/uploads\/2026\/01\/d11-Lumipallot-2-1024x743.jpg' ><img alt='Koulusta kotiin lumipallojen kanssa 11\/2025' class='item skip-lazy' data-class='item' data-ftg-source='https:\/\/www.veikkovasama.fi\/digiportfoliot\/wp-content\/uploads\/2026\/01\/d11-Lumipallot-2-150x150.jpg' src='https:\/\/www.veikkovasama.fi\/digiportfoliot\/wp-content\/uploads\/2026\/01\/d11-Lumipallot-2-150x150.jpg' width='150' height='150' \/><div class='caption-block'><div class='text-wrapper'><span class='title'>Koulusta kotiin lumipallojen kanssa 11\/2025<\/span><\/div><\/div><\/a><div class='ftg-social'><\/div><\/div><div  class='tile ftg-preload  '><a title=\"Vuosi vaihtuu 2025\/26\" data-lightbox='ftg-3030' rel='ftg-3030'  class=' tile-inner  ftg-lightbox' href='https:\/\/www.veikkovasama.fi\/digiportfoliot\/wp-content\/uploads\/2026\/01\/e01-Paivakoti-tamm26-909x1024.jpg' ><img alt='Vuosi vaihtuu 2025\/26' class='item skip-lazy' data-class='item' data-ftg-source='https:\/\/www.veikkovasama.fi\/digiportfoliot\/wp-content\/uploads\/2026\/01\/e01-Paivakoti-tamm26-150x150.jpg' src='https:\/\/www.veikkovasama.fi\/digiportfoliot\/wp-content\/uploads\/2026\/01\/e01-Paivakoti-tamm26-150x150.jpg' width='150' height='150' \/><div class='caption-block'><div class='text-wrapper'><span class='title'>Vuosi vaihtuu 2025\/26<\/span><\/div><\/div><\/a><div class='ftg-social'><\/div><\/div><\/div><\/div>\n","protected":false},"excerpt":{"rendered":"","protected":false},"author":1,"featured_media":1336,"comment_status":"closed","ping_status":"closed","sticky":false,"template":"","format":"standard","meta":{"footnotes":""},"categories":[1],"tags":[],"class_list":["post-1351","post","type-post","status-publish","format-standard","has-post-thumbnail","hentry","category-uncategorized"],"_links":{"self":[{"href":"https:\/\/www.veikkovasama.fi\/digiportfoliot\/wp-json\/wp\/v2\/posts\/1351","targetHints":{"allow":["GET"]}}],"collection":[{"href":"https:\/\/www.veikkovasama.fi\/digiportfoliot\/wp-json\/wp\/v2\/posts"}],"about":[{"href":"https:\/\/www.veikkovasama.fi\/digiportfoliot\/wp-json\/wp\/v2\/types\/post"}],"author":[{"embeddable":true,"href":"https:\/\/www.veikkovasama.fi\/digiportfoliot\/wp-json\/wp\/v2\/users\/1"}],"replies":[{"embeddable":true,"href":"https:\/\/www.veikkovasama.fi\/digiportfoliot\/wp-json\/wp\/v2\/comments?post=1351"}],"version-history":[{"count":1,"href":"https:\/\/www.veikkovasama.fi\/digiportfoliot\/wp-json\/wp\/v2\/posts\/1351\/revisions"}],"predecessor-version":[{"id":1352,"href":"https:\/\/www.veikkovasama.fi\/digiportfoliot\/wp-json\/wp\/v2\/posts\/1351\/revisions\/1352"}],"wp:featuredmedia":[{"embeddable":true,"href":"https:\/\/www.veikkovasama.fi\/digiportfoliot\/wp-json\/wp\/v2\/media\/1336"}],"wp:attachment":[{"href":"https:\/\/www.veikkovasama.fi\/digiportfoliot\/wp-json\/wp\/v2\/media?parent=1351"}],"wp:term":[{"taxonomy":"category","embeddable":true,"href":"https:\/\/www.veikkovasama.fi\/digiportfoliot\/wp-json\/wp\/v2\/categories?post=1351"},{"taxonomy":"post_tag","embeddable":true,"href":"https:\/\/www.veikkovasama.fi\/digiportfoliot\/wp-json\/wp\/v2\/tags?post=1351"}],"curies":[{"name":"wp","href":"https:\/\/api.w.org\/{rel}","templated":true}]}}