{"id":9034,"date":"2018-02-06T16:59:26","date_gmt":"2018-02-06T14:59:26","guid":{"rendered":"https:\/\/www.veikkovasama.fi\/blogi\/?p=9034"},"modified":"2018-02-06T19:34:05","modified_gmt":"2018-02-06T17:34:05","slug":"pakkasmuisteluja","status":"publish","type":"post","link":"https:\/\/www.veikkovasama.fi\/blogi\/?p=9034","title":{"rendered":"Pakkasmuisteluksia"},"content":{"rendered":"<p>Pysyttelen s\u00e4\u00e4n ilmi\u00f6iss\u00e4.\u00a0 Eilen ja t\u00e4n\u00e4\u00e4n Rovaniemell\u00e4 saatiin nauttia aurinkoisesta pakkass\u00e4\u00e4st\u00e4, ja siksi on luontevaa <span style=\"font-size: 1rem;\">muistella kohdalleni osuneita kunnon pakkasia.<\/span><\/p>\n<p>Ilmatieteen laitoksen verkkosivujen alasivulla <em><a href=\"http:\/\/ilmatieteenlaitos.fi\/saaennatyksia\">s\u00e4\u00e4enn\u00e4tyksi\u00e4<\/a><\/em> todetaan, ett\u00e4 Suomen yli satavuotisen mittaushistorian kylmin tammikuu on eletty Kuusamossa vuonna 1985. Keskil\u00e4mp\u00f6tila oli tuolloin -29.7 astetta. Minulla on hyv\u00e4t perusteet olettaa, ett\u00e4 enn\u00e4tystulos on noteerattu Oulangan biologisen aseman mittauspisteess\u00e4. Olin paikalla enk\u00e4 suinkaan sattumalta!<\/p>\n<p><a href=\"https:\/\/www.veikkovasama.fi\/blogikuvat\/pakkaslukemia.jpg\" rel=\"lightbox[14475]\"><img decoding=\"async\" title=\"Mittarin ja piirturin pakkaslukemia tammikuulta 1985\" src=\"https:\/\/www.veikkovasama.fi\/blogikuvat\/pakkaslukemia.jpg\" alt=\"\" width=\"150\" height=\"x\" \/><\/a><\/p>\n<p>Pakkanen jatkui kire\u00e4n\u00e4 useita viikkoja, ja kuun loppup\u00e4ivin\u00e4 l\u00e4henneltiin haamurajaa eli viitt\u00e4kymment\u00e4 astetta. Aika l\u00e4helle p\u00e4\u00e4stiin: alin lukema Tauno Sillanp\u00e4\u00e4n havaintokirjassa on -47.7. Biologisella asemalla talvehtinut amerikkalaistutkija ei ollut pakkasista moksiskaan, mutta ihmetteli autonsa j\u00e4ykistymist\u00e4 l\u00e4hes ohjauskelvottomaksi.<\/p>\n<p>Min\u00e4 liikuin suksilla ja nautiskelin tilanteesta. Ihan aatetta kannattaakseni nousin kaikkein kylmimp\u00e4n\u00e4 p\u00e4iv\u00e4n\u00e4 Kiutavaaralle, miss\u00e4 inversiosta johtuen tarkeni hyvin. Kylm\u00e4 ilma valui jokilaakson pohjalle, ja siell\u00e4 henki salpautui aamulla ulos menness\u00e4.\u00a0<\/p>\n<p><a href=\"https:\/\/www.veikkovasama.fi\/blogikuvat\/kiutavaara2.jpg\" rel=\"lightbox[14475]\"><img decoding=\"async\" title=\"Kiutavaara pakkasessa\" src=\"https:\/\/www.veikkovasama.fi\/blogikuvat\/kiutavaara2.jpg\" alt=\"\" width=\"180\" height=\"x\" \/><\/a><\/p>\n<p>Edell\u00e4 mainitulla s\u00e4\u00e4enn\u00e4tyksi\u00e4-sivulla kerrotaan, ett\u00e4 Suomen pakkasenn\u00e4tys on Kittil\u00e4n Pokassa 28.1.1999 mitattu -51.5 astetta. Asuimme siihen aikaan Sodankyl\u00e4ss\u00e4, ja kylm\u00e4\u00e4 oli siell\u00e4kin kuten koko Lapissa: l\u00e4helle viitt\u00e4kymment\u00e4 p\u00e4\u00e4stiin. Remontoidussa omakotitalon yl\u00e4kerrassa tarkeni hyvin, alakerrassa huonommin.<\/p>\n<p>Meill\u00e4 apuna oli vasta hankittu vuolukiviuuni, mutta pelk\u00e4n s\u00e4hk\u00f6l\u00e4mmityksen varassa sinnitelleet olivat pulassa. S\u00e4hk\u00f6linjat eiv\u00e4t kest\u00e4neet jatkuvasti p\u00e4\u00e4ll\u00e4 olevien kiukaiden aiheuttamaa ylikuormitusta, ja seurauksena oli pitki\u00e4 s\u00e4hk\u00f6katkoksia muistaakseni ainakin Inarissa. <\/p>\n<p><a href=\"https:\/\/www.veikkovasama.fi\/blogikuvat\/hirmupakkanen.jpg\" rel=\"lightbox[14475]\"><img decoding=\"async\" title=\"Kirkonkyl\u00e4n raitti 45 asteen pakkasella\" src=\"https:\/\/www.veikkovasama.fi\/blogikuvat\/hirmupakkanen.jpg\" alt=\"\" width=\"180\" height=\"x\" \/><\/a><\/p>\n<p>El\u00e4m\u00e4ntilanteeni oli sill\u00e4 tavoin muuttunut, ett\u00e4 talonmiehen vastuu painoi. En voinut iloita\u00a0enn\u00e4tyspakkasista enk\u00e4 l\u00e4hte\u00e4 retkelle vaikka mieli teki. Auton kanssa minulla ei ollut ongelmia, vaikka monilla muilla oli, osittain ennenkuulumattomia. Kuulin esimerkiksi renkaista, jotka muuttuivat kantikkaista py\u00f6reiksi vasta pienen ajon j\u00e4lkeen.\u00a0<\/p>\n<p><a href=\"https:\/\/www.veikkovasama.fi\/blogikuvat\/corolla.jpg\" rel=\"lightbox[14475]\"><img decoding=\"async\" title=\"Corollan mittarin maksimi oli -30\" src=\"https:\/\/www.veikkovasama.fi\/blogikuvat\/corolla.jpg\" alt=\"\" width=\"180\" height=\"x\" \/><\/a><\/p>\n","protected":false},"excerpt":{"rendered":"<p>Pysyttelen s\u00e4\u00e4n ilmi\u00f6iss\u00e4.\u00a0 Eilen ja t\u00e4n\u00e4\u00e4n Rovaniemell\u00e4 saatiin nauttia aurinkoisesta pakkass\u00e4\u00e4st\u00e4, ja siksi on luontevaa muistella kohdalleni osuneita kunnon pakkasia. Ilmatieteen laitoksen verkkosivujen alasivulla s\u00e4\u00e4enn\u00e4tyksi\u00e4 todetaan, ett\u00e4 Suomen yli satavuotisen mittaushistorian kylmin tammikuu on eletty Kuusamossa vuonna 1985. Keskil\u00e4mp\u00f6tila oli tuolloin -29.7 astetta. Minulla on hyv\u00e4t perusteet olettaa, ett\u00e4 enn\u00e4tystulos on noteerattu Oulangan biologisen aseman [&hellip;]<\/p>\n","protected":false},"author":1,"featured_media":0,"comment_status":"closed","ping_status":"closed","sticky":false,"template":"","format":"standard","meta":{"footnotes":""},"categories":[22],"tags":[],"class_list":["post-9034","post","type-post","status-publish","format-standard","hentry","category-luonto"],"_links":{"self":[{"href":"https:\/\/www.veikkovasama.fi\/blogi\/index.php?rest_route=\/wp\/v2\/posts\/9034","targetHints":{"allow":["GET"]}}],"collection":[{"href":"https:\/\/www.veikkovasama.fi\/blogi\/index.php?rest_route=\/wp\/v2\/posts"}],"about":[{"href":"https:\/\/www.veikkovasama.fi\/blogi\/index.php?rest_route=\/wp\/v2\/types\/post"}],"author":[{"embeddable":true,"href":"https:\/\/www.veikkovasama.fi\/blogi\/index.php?rest_route=\/wp\/v2\/users\/1"}],"replies":[{"embeddable":true,"href":"https:\/\/www.veikkovasama.fi\/blogi\/index.php?rest_route=%2Fwp%2Fv2%2Fcomments&post=9034"}],"version-history":[{"count":31,"href":"https:\/\/www.veikkovasama.fi\/blogi\/index.php?rest_route=\/wp\/v2\/posts\/9034\/revisions"}],"predecessor-version":[{"id":9066,"href":"https:\/\/www.veikkovasama.fi\/blogi\/index.php?rest_route=\/wp\/v2\/posts\/9034\/revisions\/9066"}],"wp:attachment":[{"href":"https:\/\/www.veikkovasama.fi\/blogi\/index.php?rest_route=%2Fwp%2Fv2%2Fmedia&parent=9034"}],"wp:term":[{"taxonomy":"category","embeddable":true,"href":"https:\/\/www.veikkovasama.fi\/blogi\/index.php?rest_route=%2Fwp%2Fv2%2Fcategories&post=9034"},{"taxonomy":"post_tag","embeddable":true,"href":"https:\/\/www.veikkovasama.fi\/blogi\/index.php?rest_route=%2Fwp%2Fv2%2Ftags&post=9034"}],"curies":[{"name":"wp","href":"https:\/\/api.w.org\/{rel}","templated":true}]}}