{"id":5403,"date":"2015-08-20T18:19:05","date_gmt":"2015-08-20T15:19:05","guid":{"rendered":"http:\/\/www.veikkovasama.fi\/blogi\/?p=5403"},"modified":"2015-08-20T21:13:38","modified_gmt":"2015-08-20T18:13:38","slug":"5403","status":"publish","type":"post","link":"https:\/\/www.veikkovasama.fi\/blogi\/?p=5403","title":{"rendered":"Kirjailija &#8221;Poronen&#8221; kirjoitti k\u00e4sin"},"content":{"rendered":"<p>Hailuodon teatteritapahtumasta palattuani tartuin tosimielell\u00e4 Samuli Paroseen. Nyt kun seitsem\u00e4n kirjaa on luettu ja kolme j\u00e4ljell\u00e4, voin kertoa Parosen murtautuneen rymin\u00e4ll\u00e4 kirjallisten suosikkieni k\u00e4rkijoukkoon. Kiitoksia vain Juha Hurme, <em>Nyljettyjen ajatusten<\/em>\u00a0hehkutukset ovat t\u00e4ytt\u00e4 totta!<\/p>\n<blockquote><p>Voi v***u, t\u00e4m\u00e4 j\u00e4tk\u00e4, joka kirjoitti n\u00e4m\u00e4 sanat, kuoli syksyll\u00e4 1974. Kouluja k\u00e4ym\u00e4t\u00f6n raksaj\u00e4tk\u00e4 ja sekaty\u00f6mies. Siin\u00e4 on semmoinen testamentti meille about akateemisille soutajille, ett\u00e4 oksat pois!<\/p><\/blockquote>\n<p>Suositan Parosen tuotantoon tutustuvalle oheislukemistoksi Hannu M\u00e4kel\u00e4n muisteluteosta: <em>SAMULI Muistelma Samuli Parosesta<\/em> (Otava 2006). M\u00e4kel\u00e4 oli Parosen yst\u00e4v\u00e4 ja pitk\u00e4aikainen yhteisty\u00f6kumppani Otavassa, mahdollisimman oikea henkil\u00f6 valottamaan erikoislaatuisen kirjailijan el\u00e4m\u00e4nty\u00f6t\u00e4.<\/p>\n<p><a href=\"http:\/\/www.veikkovasama.fi\/blogikuvat\/kasialanayte.jpg\" rel=\"lightbox[14475]\"><img decoding=\"async\" title=\"Samuli Parosen k\u00e4sialaa\" src=\"http:\/\/www.veikkovasama.fi\/blogikuvat\/kasialanayte.jpg\" alt=\"\" width=\"130\" height=\"x\" \/><\/a><\/p>\n<p>Ensi t\u00f6in\u00e4\u00e4n kustantajan palkkalistoilla M\u00e4kel\u00e4 joutui perehtym\u00e4\u00e4n &#8221;massaan&#8221;, \u00a0Otavaan l\u00e4hetettyihin kirjaehdotuksiin. Yksi niist\u00e4 oli Samuli &#8221;Porosen&#8221; sotaromaani\u00a0<em>Kuolismaantie, &#8221;<\/em>musteella k\u00e4sin kirjoitettu<em>\u00a0<\/em>ja vaikeasti luettava manus&#8221;. M\u00e4kel\u00e4 ei innostunut tekstist\u00e4 ja oli lis\u00e4ksi kuullut, &#8221;ettei kukaan kunnon kirjailija en\u00e4\u00e4 kirjoittanut k\u00e4sin&#8221;.<\/p>\n<p>Onneksi my\u00f6s Tuomas Anhava tutustui tekstiin ja syttyi siit\u00e4, luki M\u00e4kel\u00e4lle puhelimessa pitki\u00e4 otteita ja kysyi lopuksi: &#8221;No, mit\u00e4s pidit?&#8221; N\u00e4in tarjoiltuna M\u00e4kel\u00e4 tunnusti pit\u00e4neens\u00e4. Koulutusmieless\u00e4 h\u00e4n joutui kirjoittamaan puhtaaksi koko nivaskan. Aikanaan selvisi my\u00f6s kirjailijan oikea sukunimi.<\/p>\n<p>Omalla tavallaan yht\u00e4 ansiokas oheislukemisto on ollut Yrj\u00f6 Hosiaisluoman v\u00e4it\u00f6skirja <em>J\u00c4RJESTYKSEN KOURISTA VAPAUDEN VALTAKUNTAAN Samuli Parosen el\u00e4m\u00e4, tuotanto ja yhteiskuntakritiikki<\/em> (SKS 1990). Samuli Parosen k\u00e4sialan\u00e4yte on osa t\u00e4m\u00e4n kirjan kuvitusta.<\/p>\n<p>&nbsp;<\/p>\n","protected":false},"excerpt":{"rendered":"<p>Hailuodon teatteritapahtumasta palattuani tartuin tosimielell\u00e4 Samuli Paroseen. Nyt kun seitsem\u00e4n kirjaa on luettu ja kolme j\u00e4ljell\u00e4, voin kertoa Parosen murtautuneen rymin\u00e4ll\u00e4 kirjallisten suosikkieni k\u00e4rkijoukkoon. Kiitoksia vain Juha Hurme, Nyljettyjen ajatusten\u00a0hehkutukset ovat t\u00e4ytt\u00e4 totta! Voi v***u, t\u00e4m\u00e4 j\u00e4tk\u00e4, joka kirjoitti n\u00e4m\u00e4 sanat, kuoli syksyll\u00e4 1974. Kouluja k\u00e4ym\u00e4t\u00f6n raksaj\u00e4tk\u00e4 ja sekaty\u00f6mies. Siin\u00e4 on semmoinen testamentti meille about [&hellip;]<\/p>\n","protected":false},"author":1,"featured_media":0,"comment_status":"closed","ping_status":"closed","sticky":false,"template":"","format":"standard","meta":{"footnotes":""},"categories":[14],"tags":[],"class_list":["post-5403","post","type-post","status-publish","format-standard","hentry","category-kirjallisuus"],"_links":{"self":[{"href":"https:\/\/www.veikkovasama.fi\/blogi\/index.php?rest_route=\/wp\/v2\/posts\/5403","targetHints":{"allow":["GET"]}}],"collection":[{"href":"https:\/\/www.veikkovasama.fi\/blogi\/index.php?rest_route=\/wp\/v2\/posts"}],"about":[{"href":"https:\/\/www.veikkovasama.fi\/blogi\/index.php?rest_route=\/wp\/v2\/types\/post"}],"author":[{"embeddable":true,"href":"https:\/\/www.veikkovasama.fi\/blogi\/index.php?rest_route=\/wp\/v2\/users\/1"}],"replies":[{"embeddable":true,"href":"https:\/\/www.veikkovasama.fi\/blogi\/index.php?rest_route=%2Fwp%2Fv2%2Fcomments&post=5403"}],"version-history":[{"count":21,"href":"https:\/\/www.veikkovasama.fi\/blogi\/index.php?rest_route=\/wp\/v2\/posts\/5403\/revisions"}],"predecessor-version":[{"id":5424,"href":"https:\/\/www.veikkovasama.fi\/blogi\/index.php?rest_route=\/wp\/v2\/posts\/5403\/revisions\/5424"}],"wp:attachment":[{"href":"https:\/\/www.veikkovasama.fi\/blogi\/index.php?rest_route=%2Fwp%2Fv2%2Fmedia&parent=5403"}],"wp:term":[{"taxonomy":"category","embeddable":true,"href":"https:\/\/www.veikkovasama.fi\/blogi\/index.php?rest_route=%2Fwp%2Fv2%2Fcategories&post=5403"},{"taxonomy":"post_tag","embeddable":true,"href":"https:\/\/www.veikkovasama.fi\/blogi\/index.php?rest_route=%2Fwp%2Fv2%2Ftags&post=5403"}],"curies":[{"name":"wp","href":"https:\/\/api.w.org\/{rel}","templated":true}]}}