{"id":3418,"date":"2014-08-28T12:36:39","date_gmt":"2014-08-28T09:36:39","guid":{"rendered":"http:\/\/www.veikkovasama.fi\/blogi\/?p=3418"},"modified":"2014-09-12T08:50:51","modified_gmt":"2014-09-12T05:50:51","slug":"erikoinen-teatterielamys","status":"publish","type":"post","link":"https:\/\/www.veikkovasama.fi\/blogi\/?p=3418","title":{"rendered":"Paulaharjua tunturiteatterissa"},"content":{"rendered":"<p>Tauko p\u00e4ivityksiss\u00e4 johtuu siit\u00e4, ett\u00e4 k\u00e4v\u00e4isin teatterissa.<\/p>\n<p>N\u00e4ytt\u00e4m\u00f6n\u00e4 toimi harva tunturikoivikko, johon oli juurtunut yksitt\u00e4isi\u00e4 m\u00e4nnyntarreja. Yleis\u00f6 istui varvikossa, ja moni sai variksenmarjoista takamuksiinsa sinisen osallistumisleiman.<\/p>\n<p><a href=\"http:\/\/www.veikkovasama.fi\/blogikuvat\/juhan_alkusanat.jpg\" rel=\"lightbox[14475]\"><img decoding=\"async\" title=\"Juha Hurme tervehtii runsaslukuista yleis\u00f6\u00e4 ennen ensi-iltaa\" src=\"http:\/\/www.veikkovasama.fi\/blogikuvat\/juhan_alkusanat.jpg\" alt=\"\" width=\"180\" height=\"x\" \/><\/a><\/p>\n<p><a href=\"http:\/\/www.operaatiopaulaharju.fi\/\"><em>Operaatio Paulaharju<\/em><\/a> on niin p\u00e4hk\u00e4hullu idea, ett\u00e4 innostuin siit\u00e4 heti. En ole kummoinen teatterimies, mutta tapahtuma tarjosi oivallisen tekosyyn palata pitk\u00e4n tauon j\u00e4lkeen monilla kuvausretkill\u00e4 rakkaaksi tulleelle <a href=\"http:\/\/veikkovasama.fi\/pallas-ounas.htm\">alueelle<\/a>.\u00a0Lis\u00e4ksi olin utelias n\u00e4kem\u00e4\u00e4n, mit\u00e4 ammattitaitoinen dramaturgi ja osaava ty\u00f6tyhm\u00e4 saa irti teksteist\u00e4, joita ainakin minun oli vaikea kuvitella esitett\u00e4v\u00e4ksi n\u00e4ytt\u00e4m\u00f6ll\u00e4.<\/p>\n<p><a href=\"http:\/\/www.veikkovasama.fi\/blogikuvat\/lampaanpyynti.jpg\" rel=\"lightbox[14475]\"><img decoding=\"async\" title=\"Martin Jussa (Iida-Maaria Lindstedt) yritt\u00e4\u00e4 pyydyst\u00e4\u00e4 luhkalla Onnen lampaan (Saara Hurme)\" src=\"http:\/\/www.veikkovasama.fi\/blogikuvat\/lampaanpyynti.jpg\" alt=\"\" width=\"180\" height=\"x\" \/><\/a><\/p>\n<p>Oman arvioni mukaan tapahtuma oli t\u00e4ydellinen suksee taiteellisesti ja kaikella muullakin tavalla! Ilmapiiri oli innostunut, ja osallistujam\u00e4\u00e4r\u00e4 ylitti rohkeimmatkin odotukset. Laskujeni mukaan perjantain ensi-illassa oli v\u00e4ke\u00e4 48 henke\u00e4 ja lauantain n\u00e4yt\u00f6ksess\u00e4 viel\u00e4 enemm\u00e4n, 72!<\/p>\n<p>Tieto tapahtumasta\u00a0levisi tehokkaasti vaelluspolkua pitkin etel\u00e4\u00e4n ja pohjoiseen, kun esityksen n\u00e4hneet mainostivat sit\u00e4 jokaiselle vastaantulijalle. Nammalakurun iltanuotiolla ei juuri muusta puhuttukaan.<\/p>\n<p><a href=\"http:\/\/www.veikkovasama.fi\/blogikuvat\/poroon_osui.jpg\" rel=\"lightbox[14475]\"><img decoding=\"async\" title=\"Talmulahden pappi (Timo Torvinen) ampui niitylleen tulleita poroja ja osui valkkoh\u00e4rk\u00e4\u00e4n (Sofia Simola). Etualalla lavastaja-tehostemies Matti Rasi.\" src=\"http:\/\/www.veikkovasama.fi\/blogikuvat\/poroon_osui.jpg\" alt=\"\" width=\"180\" height=\"x\" \/><\/a><\/p>\n<p>Hankkeen takana on kulttuurin moniottelija Juha Hurme ty\u00f6ryhmineen, johon kuuluu kymmenen taiteilijaa ja koira. Juha korosti tapahtuman erityist\u00e4 luonnetta: teatteri ei k\u00e4ynnisty pillin vihellyksest\u00e4, vaan vaadittava patikointi kuuluu olennaisena osana kokonaisuuteen.<\/p>\n<p>Totta! Oma el\u00e4mykseni alkoi ja p\u00e4\u00e4ttyi tunnelmoinnilla kansallispuiston poluttomassa osassa. Retken viimeisen\u00e4 iltana pystytin telttani paikkaan, miss\u00e4 y\u00f6vyimme tytt\u00e4reni kanssa kes\u00e4kuussa 1989. Maarit oli silloin kolmen ik\u00e4inen. Kuvan otin aamulla.<\/p>\n<p><a href=\"http:\/\/www.veikkovasama.fi\/blogikuvat\/aamu_jarvella.jpg\" rel=\"lightbox[14475]\"><img decoding=\"async\" title=\"N\u00e4kym\u00e4 leirist\u00e4 aamulla\" src=\"http:\/\/www.veikkovasama.fi\/blogikuvat\/aamu_jarvella.jpg\" alt=\"\" width=\"180\" height=\"x\" \/><\/a><\/p>\n","protected":false},"excerpt":{"rendered":"<p>Tauko p\u00e4ivityksiss\u00e4 johtuu siit\u00e4, ett\u00e4 k\u00e4v\u00e4isin teatterissa. N\u00e4ytt\u00e4m\u00f6n\u00e4 toimi harva tunturikoivikko, johon oli juurtunut yksitt\u00e4isi\u00e4 m\u00e4nnyntarreja. Yleis\u00f6 istui varvikossa, ja moni sai variksenmarjoista takamuksiinsa sinisen osallistumisleiman. Operaatio Paulaharju on niin p\u00e4hk\u00e4hullu idea, ett\u00e4 innostuin siit\u00e4 heti. En ole kummoinen teatterimies, mutta tapahtuma tarjosi oivallisen tekosyyn palata pitk\u00e4n tauon j\u00e4lkeen monilla kuvausretkill\u00e4 rakkaaksi tulleelle alueelle.\u00a0Lis\u00e4ksi olin [&hellip;]<\/p>\n","protected":false},"author":1,"featured_media":0,"comment_status":"closed","ping_status":"closed","sticky":false,"template":"","format":"standard","meta":{"footnotes":""},"categories":[14,22,20],"tags":[],"class_list":["post-3418","post","type-post","status-publish","format-standard","hentry","category-kirjallisuus","category-luonto","category-taide-ja-kulttuuri"],"_links":{"self":[{"href":"https:\/\/www.veikkovasama.fi\/blogi\/index.php?rest_route=\/wp\/v2\/posts\/3418","targetHints":{"allow":["GET"]}}],"collection":[{"href":"https:\/\/www.veikkovasama.fi\/blogi\/index.php?rest_route=\/wp\/v2\/posts"}],"about":[{"href":"https:\/\/www.veikkovasama.fi\/blogi\/index.php?rest_route=\/wp\/v2\/types\/post"}],"author":[{"embeddable":true,"href":"https:\/\/www.veikkovasama.fi\/blogi\/index.php?rest_route=\/wp\/v2\/users\/1"}],"replies":[{"embeddable":true,"href":"https:\/\/www.veikkovasama.fi\/blogi\/index.php?rest_route=%2Fwp%2Fv2%2Fcomments&post=3418"}],"version-history":[{"count":53,"href":"https:\/\/www.veikkovasama.fi\/blogi\/index.php?rest_route=\/wp\/v2\/posts\/3418\/revisions"}],"predecessor-version":[{"id":3580,"href":"https:\/\/www.veikkovasama.fi\/blogi\/index.php?rest_route=\/wp\/v2\/posts\/3418\/revisions\/3580"}],"wp:attachment":[{"href":"https:\/\/www.veikkovasama.fi\/blogi\/index.php?rest_route=%2Fwp%2Fv2%2Fmedia&parent=3418"}],"wp:term":[{"taxonomy":"category","embeddable":true,"href":"https:\/\/www.veikkovasama.fi\/blogi\/index.php?rest_route=%2Fwp%2Fv2%2Fcategories&post=3418"},{"taxonomy":"post_tag","embeddable":true,"href":"https:\/\/www.veikkovasama.fi\/blogi\/index.php?rest_route=%2Fwp%2Fv2%2Ftags&post=3418"}],"curies":[{"name":"wp","href":"https:\/\/api.w.org\/{rel}","templated":true}]}}