{"id":21533,"date":"2026-08-28T21:07:37","date_gmt":"2026-08-28T18:07:37","guid":{"rendered":"https:\/\/www.veikkovasama.fi\/blogi\/?p=21533"},"modified":"2026-08-29T09:05:22","modified_gmt":"2026-08-29T06:05:22","slug":"paskaluottuma","status":"publish","type":"post","link":"https:\/\/www.veikkovasama.fi\/blogi\/?p=21533","title":{"rendered":"Paskaluottuma"},"content":{"rendered":"<p>Operaatio Paulaharjun jatkumona syntyneen retkiryhm\u00e4 Krikan Sammun seitsem\u00e4s retki suuntautui Inariin Hammastunturin er\u00e4maa-alueen it\u00e4osiin. Otsikossa mainittu erikoinen paikannimi lienee foneettinen v\u00e4\u00e4nn\u00f6s saamenkielisest\u00e4 sanasta Poskluaddumaah, joka puolestaan liittynee tietyn kasvin esiintymiseen samannimisen puron varrella. Nousimme toisena retkip\u00e4iv\u00e4n\u00e4 Paskaluottumalle katselemaan maisemia.<\/p>\n<p><a href=\"http:\/\/www.veikkovasama.fi\/blogikuvat\/paskaluottuma.jpg\" rel=\"lightbox[14475]\"><img decoding=\"async\" title=\"N\u00e4kym\u00e4 Paskaluottumalta it\u00e4\u00e4n\" src=\"http:\/\/www.veikkovasama.fi\/blogikuvat\/paskaluottuma.jpg\" alt=\"\" width=\"200\" height=\"x\" \/><\/a><\/p>\n<p>S\u00e4\u00e4 oli retken ajan enimm\u00e4kseen poutainen ja ajoittain aurinkoinen. Teltat toki kastuivat monta kertaa sis\u00e4lt\u00e4 ja ulkoa. Pienen Ahvenj\u00e4rven rannalla vietetyt illat olivat erityisen kauniita: aurinko laski punertuvana pallona erikoiseen h\u00e4k\u00e4r\u00e4\u00e4n, joka saattoi olla Ven\u00e4j\u00e4n mets\u00e4palojen savua.<\/p>\n<p><a href=\"http:\/\/www.veikkovasama.fi\/blogikuvat\/ilta_lammella3.jpg\" rel=\"lightbox[14475]\"><img decoding=\"async\" title=\"Ilta leirilammella\" src=\"http:\/\/www.veikkovasama.fi\/blogikuvat\/ilta_lammella3.jpg\" alt=\"\" width=\"150\" height=\"x\" \/><\/a><\/p>\n<p>Ensimm\u00e4inen leiripaikka nimett\u00f6m\u00e4n puron varrella ei s\u00e4v\u00e4ytt\u00e4nyt maisemillaan, mutta tarjosi maapuuta tulenpidon tarpeisiin. Vietimme laatuaikaa alkusyksyn pimeneviss\u00e4 illoissa.<\/p>\n<p><a href=\"http:\/\/www.veikkovasama.fi\/blogikuvat\/tervastuli.jpg\" rel=\"lightbox[14475]\"><img decoding=\"async\" title=\"Tervastulet er\u00e4maassa\" src=\"http:\/\/www.veikkovasama.fi\/blogikuvat\/tervastuli.jpg\" alt=\"\" width=\"160\" height=\"x\" \/><\/a><\/p>\n","protected":false},"excerpt":{"rendered":"<p>Operaatio Paulaharjun jatkumona syntyneen retkiryhm\u00e4 Krikan Sammun seitsem\u00e4s retki suuntautui Inariin Hammastunturin er\u00e4maa-alueen it\u00e4osiin. Otsikossa mainittu erikoinen paikannimi lienee foneettinen v\u00e4\u00e4nn\u00f6s saamenkielisest\u00e4 sanasta Poskluaddumaah, joka puolestaan liittynee tietyn kasvin esiintymiseen samannimisen puron varrella. Nousimme toisena retkip\u00e4iv\u00e4n\u00e4 Paskaluottumalle katselemaan maisemia. S\u00e4\u00e4 oli retken ajan enimm\u00e4kseen poutainen ja ajoittain aurinkoinen. Teltat toki kastuivat monta kertaa sis\u00e4lt\u00e4 ja [&hellip;]<\/p>\n","protected":false},"author":1,"featured_media":0,"comment_status":"closed","ping_status":"closed","sticky":false,"template":"","format":"standard","meta":{"footnotes":""},"categories":[5],"tags":[],"class_list":["post-21533","post","type-post","status-publish","format-standard","hentry","category-lappi"],"_links":{"self":[{"href":"https:\/\/www.veikkovasama.fi\/blogi\/index.php?rest_route=\/wp\/v2\/posts\/21533","targetHints":{"allow":["GET"]}}],"collection":[{"href":"https:\/\/www.veikkovasama.fi\/blogi\/index.php?rest_route=\/wp\/v2\/posts"}],"about":[{"href":"https:\/\/www.veikkovasama.fi\/blogi\/index.php?rest_route=\/wp\/v2\/types\/post"}],"author":[{"embeddable":true,"href":"https:\/\/www.veikkovasama.fi\/blogi\/index.php?rest_route=\/wp\/v2\/users\/1"}],"replies":[{"embeddable":true,"href":"https:\/\/www.veikkovasama.fi\/blogi\/index.php?rest_route=%2Fwp%2Fv2%2Fcomments&post=21533"}],"version-history":[{"count":7,"href":"https:\/\/www.veikkovasama.fi\/blogi\/index.php?rest_route=\/wp\/v2\/posts\/21533\/revisions"}],"predecessor-version":[{"id":21543,"href":"https:\/\/www.veikkovasama.fi\/blogi\/index.php?rest_route=\/wp\/v2\/posts\/21533\/revisions\/21543"}],"wp:attachment":[{"href":"https:\/\/www.veikkovasama.fi\/blogi\/index.php?rest_route=%2Fwp%2Fv2%2Fmedia&parent=21533"}],"wp:term":[{"taxonomy":"category","embeddable":true,"href":"https:\/\/www.veikkovasama.fi\/blogi\/index.php?rest_route=%2Fwp%2Fv2%2Fcategories&post=21533"},{"taxonomy":"post_tag","embeddable":true,"href":"https:\/\/www.veikkovasama.fi\/blogi\/index.php?rest_route=%2Fwp%2Fv2%2Ftags&post=21533"}],"curies":[{"name":"wp","href":"https:\/\/api.w.org\/{rel}","templated":true}]}}