{"id":20738,"date":"2026-01-17T20:07:58","date_gmt":"2026-01-17T18:07:58","guid":{"rendered":"https:\/\/www.veikkovasama.fi\/blogi\/?p=20738"},"modified":"2026-01-17T20:48:49","modified_gmt":"2026-01-17T18:48:49","slug":"jyp-kunniagalleria-paivittyi","status":"publish","type":"post","link":"https:\/\/www.veikkovasama.fi\/blogi\/?p=20738","title":{"rendered":"JYP-kunniagalleria p\u00e4ivittyi"},"content":{"rendered":"<p>JYPin Hall of Fame sai eilen kaksi uutta j\u00e4sent\u00e4, kun valmentajat Risto Dufva ja Marko Virtanen lis\u00e4ttiin kunniagalleriaan j\u00e4rjestysnumeroilla 20 ja 21. Pitk\u00e4n linjan Jyppil\u00e4isen\u00e4 muistan j\u00e4\u00e4lt\u00e4 kaikki gallerian 10 entist\u00e4 pelaajaa, joukossa yksi sukulainen ja yksi luokkakaveri. <\/p>\n<p><a href=\"http:\/\/www.veikkovasama.fi\/blogikuvat\/kunniagalleristit.jpg\" rel=\"lightbox[14475]\"><img decoding=\"async\" title=\"JYP-kunniagallerian uudet j\u00e4senet\" src=\"http:\/\/www.veikkovasama.fi\/blogikuvat\/kunniagalleristit.jpg\" alt=\"\" width=\"200\" height=\"x\" \/><\/a><\/p>\n<p>Risto Dufva on keskeinen henkil\u00f6 JYPin ensimm\u00e4isen mestaruuden taustalla, osaava, vaativa ja tunteita her\u00e4tt\u00e4v\u00e4. Valmennusuransa viime kev\u00e4\u00e4n\u00e4 p\u00e4\u00e4tt\u00e4nyt Dufva tullaan muistamaan omanlaisestaan huumorista, jota h\u00e4n viljeli otteluiden j\u00e4lkeisiss\u00e4 lehdist\u00f6tilaisuuksissa. <\/p>\n<p>Suosikkijoukkueen ensimm\u00e4inen mestaruus kev\u00e4\u00e4ll\u00e4 2009 meni tunteisiin voimakkaammin kuin yksik\u00e4\u00e4n toinen urheiluteko &#8211; Leijonien ensimm\u00e4inen maailmanmestaruus mukaan luettuna. Pelaajien tunnelmista kertoo maalivahti Sinuhe Wallinheimon onnittelusuukko mestaruuden ratkettua.<\/p>\n<p><a href=\"http:\/\/www.veikkovasama.fi\/blogikuvat\/sinkku_onnittelee.jpg\" rel=\"lightbox[14475]\"><img decoding=\"async\" title=\"Sinkku onnittelee Ristoa\" src=\"http:\/\/www.veikkovasama.fi\/blogikuvat\/sinkku_onnittelee.jpg\" alt=\"\" width=\"200\" height=\"x\" \/><\/a><\/p>\n","protected":false},"excerpt":{"rendered":"<p>JYPin Hall of Fame sai eilen kaksi uutta j\u00e4sent\u00e4, kun valmentajat Risto Dufva ja Marko Virtanen lis\u00e4ttiin kunniagalleriaan j\u00e4rjestysnumeroilla 20 ja 21. Pitk\u00e4n linjan Jyppil\u00e4isen\u00e4 muistan j\u00e4\u00e4lt\u00e4 kaikki gallerian 10 entist\u00e4 pelaajaa, joukossa yksi sukulainen ja yksi luokkakaveri. Risto Dufva on keskeinen henkil\u00f6 JYPin ensimm\u00e4isen mestaruuden taustalla, osaava, vaativa ja tunteita her\u00e4tt\u00e4v\u00e4. Valmennusuransa viime kev\u00e4\u00e4n\u00e4 [&hellip;]<\/p>\n","protected":false},"author":1,"featured_media":0,"comment_status":"closed","ping_status":"closed","sticky":false,"template":"","format":"standard","meta":{"footnotes":""},"categories":[4],"tags":[],"class_list":["post-20738","post","type-post","status-publish","format-standard","hentry","category-jaakiekko"],"_links":{"self":[{"href":"https:\/\/www.veikkovasama.fi\/blogi\/index.php?rest_route=\/wp\/v2\/posts\/20738","targetHints":{"allow":["GET"]}}],"collection":[{"href":"https:\/\/www.veikkovasama.fi\/blogi\/index.php?rest_route=\/wp\/v2\/posts"}],"about":[{"href":"https:\/\/www.veikkovasama.fi\/blogi\/index.php?rest_route=\/wp\/v2\/types\/post"}],"author":[{"embeddable":true,"href":"https:\/\/www.veikkovasama.fi\/blogi\/index.php?rest_route=\/wp\/v2\/users\/1"}],"replies":[{"embeddable":true,"href":"https:\/\/www.veikkovasama.fi\/blogi\/index.php?rest_route=%2Fwp%2Fv2%2Fcomments&post=20738"}],"version-history":[{"count":8,"href":"https:\/\/www.veikkovasama.fi\/blogi\/index.php?rest_route=\/wp\/v2\/posts\/20738\/revisions"}],"predecessor-version":[{"id":20749,"href":"https:\/\/www.veikkovasama.fi\/blogi\/index.php?rest_route=\/wp\/v2\/posts\/20738\/revisions\/20749"}],"wp:attachment":[{"href":"https:\/\/www.veikkovasama.fi\/blogi\/index.php?rest_route=%2Fwp%2Fv2%2Fmedia&parent=20738"}],"wp:term":[{"taxonomy":"category","embeddable":true,"href":"https:\/\/www.veikkovasama.fi\/blogi\/index.php?rest_route=%2Fwp%2Fv2%2Fcategories&post=20738"},{"taxonomy":"post_tag","embeddable":true,"href":"https:\/\/www.veikkovasama.fi\/blogi\/index.php?rest_route=%2Fwp%2Fv2%2Ftags&post=20738"}],"curies":[{"name":"wp","href":"https:\/\/api.w.org\/{rel}","templated":true}]}}