{"id":15108,"date":"2022-01-17T15:01:20","date_gmt":"2022-01-17T13:01:20","guid":{"rendered":"https:\/\/www.veikkovasama.fi\/blogi\/?p=15108"},"modified":"2025-11-16T22:08:05","modified_gmt":"2025-11-16T20:08:05","slug":"nahtavaa-arktikumissa","status":"publish","type":"post","link":"https:\/\/www.veikkovasama.fi\/blogi\/?p=15108","title":{"rendered":"N\u00e4ht\u00e4v\u00e4\u00e4 Arktikumissa"},"content":{"rendered":"<p>Arktikumissa Rovaniemell\u00e4 riitt\u00e4\u00e4 n\u00e4ht\u00e4v\u00e4\u00e4 monelle k\u00e4yntikerralle. Itse rakennuskin on n\u00e4kemisen arvoinen ulkoa ja sis\u00e4lt\u00e4. Tuubin alla on pitk\u00e4 k\u00e4yt\u00e4v\u00e4, jonka molemmin puolin sijaitsevat kahdessa kerroksessa n\u00e4yttelyt, vasemmalla Arktisen keskuksen ja oikealla Lapin maakuntamuseon.<\/p>\n<p><a href=\"https:\/\/www.veikkovasama.fi\/blogikuvat\/arktikum_kaytava.jpg\" rel=\"lightbox[14475]\"><img decoding=\"async\" title=\"Arktikumin pitk\u00e4 k\u00e4yt\u00e4v\u00e4\" src=\"https:\/\/www.veikkovasama.fi\/blogikuvat\/arktikum_kaytava.jpg\" alt=\"\" width=\"200\" height=\"x\" \/><\/a><\/p>\n<p>Viel\u00e4 ty\u00f6el\u00e4m\u00e4ss\u00e4 ollessani osallistuin maakuntamuseon perusn\u00e4yttelyn rakentamiseen, ja aina talossa k\u00e4ydess\u00e4ni katselen ymp\u00e4rilleni hyvill\u00e4 mielin. N\u00e4yttelyist\u00e4 l\u00f6ytyy runsaasti kuviani, maakuntamuseosta yksi aivan erityinen. Kirjoitin aikanaan sivuston puolelle <a href=\"https:\/\/www.veikkovasama.fi\/tekstit\/?p=1343\">kertomuksen<\/a> sen ottamisesta.<\/p>\n<p>Sain kimmokkeen t\u00e4m\u00e4n blogitekstin kirjoittamiseen Tiina Itkosen valokuvan\u00e4yttelyst\u00e4, joka on n\u00e4ht\u00e4vill\u00e4 Arktikumissa viel\u00e4 t\u00e4m\u00e4n kuun ajan. Itkonen on kulkenut kuvaamassa Gr\u00f6nlannissa yli kahdenkymmenen vuoden ajan ja koonnut uusimmista kuvistaan n\u00e4yttelyn <em>Piniatoq &#8211; Hunter<\/em>. N\u00e4yttelyn nimi on sik\u00e4li harhaanjohtava, ett\u00e4 esill\u00e4 on upea ja monipuolinen sarja el\u00e4m\u00e4st\u00e4 Gr\u00f6nlannissa. Mets\u00e4styskuvien lis\u00e4ksi on kuvia ihmisist\u00e4, koirista, taloista ja maisemista. Lasken ansioksi sen, ett\u00e4 kuvaaja on pit\u00e4nyt p\u00e4\u00e4ns\u00e4 kylm\u00e4n\u00e4 eik\u00e4 ole hurahtanut revontuliin.<\/p>\n<p><a href=\"https:\/\/www.veikkovasama.fi\/blogikuvat\/isortoq.jpg\" rel=\"lightbox[14475]\"><img decoding=\"async\" title=\"Gr\u00f6nlantilainen pikkukyl\u00e4 talvella\" src=\"https:\/\/www.veikkovasama.fi\/blogikuvat\/isortoq.jpg\" alt=\"\" width=\"200\" height=\"x\" \/><\/a><\/p>\n<p>Itkosen kuvista v\u00e4littyy luottamuksellinen suhde kuvattaviin. Kuvaaja on hyv\u00e4ksytty osaksi yhteis\u00f6\u00e4 ja h\u00e4n on luontevasti l\u00e4sn\u00e4 pyyntiretkill\u00e4 ja ihmisten arjessa. Kuva koirien piiritt\u00e4m\u00e4st\u00e4 j\u00e4\u00e4karhusta on perinteinen miehen n\u00e4kemys asiasta, mutta kuva hylkeest\u00e4 keitti\u00f6ss\u00e4 olisi saattanut j\u00e4\u00e4d\u00e4 useimmilta miehilt\u00e4 ottamatta. Sama koskee ihastuttavaa kuvaa Williamin kylvett\u00e4misest\u00e4.<\/p>\n<p><a href=\"https:\/\/www.veikkovasama.fi\/blogikuvat\/washing_william.jpg\" rel=\"lightbox[14475]\"><img decoding=\"async\" title=\"William kylvetett\u00e4v\u00e4n\u00e4\" src=\"https:\/\/www.veikkovasama.fi\/blogikuvat\/washing_william.jpg\" alt=\"\" width=\"200\" height=\"x\" \/><\/a><\/p>\n<p>N\u00e4yttelyn taustat selvi\u00e4v\u00e4t lyhyist\u00e4 tekstitauluista, kuvien yhteydess\u00e4 mainitaan vain paikka ja vuosiluku. Kuvauspaikat sijaitsevat Gr\u00f6nlannin l\u00e4nsi- ja it\u00e4rannikolla kaukana turistien suosimista kohteista. Asiasta kiinnostuneet l\u00f6yt\u00e4v\u00e4t lis\u00e4\u00e4 tietoa Tiina Itkosen <a href=\"http:\/\/tiinaitkonen.com\/works\/piniartoq-hunter-2016-2019\/\">verkkosivuilta<\/a> ja <a href=\"https:\/\/www.instagram.com\/tiinaitkonen\/\">Instagram-tililt\u00e4<\/a>.<\/p>\n<p>Haluan kiitt\u00e4\u00e4 Tiina Itkosta vaikuttavasta n\u00e4yttelyst\u00e4!<\/p>\n","protected":false},"excerpt":{"rendered":"<p>Arktikumissa Rovaniemell\u00e4 riitt\u00e4\u00e4 n\u00e4ht\u00e4v\u00e4\u00e4 monelle k\u00e4yntikerralle. Itse rakennuskin on n\u00e4kemisen arvoinen ulkoa ja sis\u00e4lt\u00e4. Tuubin alla on pitk\u00e4 k\u00e4yt\u00e4v\u00e4, jonka molemmin puolin sijaitsevat kahdessa kerroksessa n\u00e4yttelyt, vasemmalla Arktisen keskuksen ja oikealla Lapin maakuntamuseon. Viel\u00e4 ty\u00f6el\u00e4m\u00e4ss\u00e4 ollessani osallistuin maakuntamuseon perusn\u00e4yttelyn rakentamiseen, ja aina talossa k\u00e4ydess\u00e4ni katselen ymp\u00e4rilleni hyvill\u00e4 mielin. N\u00e4yttelyist\u00e4 l\u00f6ytyy runsaasti kuviani, maakuntamuseosta yksi aivan [&hellip;]<\/p>\n","protected":false},"author":1,"featured_media":0,"comment_status":"closed","ping_status":"closed","sticky":false,"template":"","format":"standard","meta":{"footnotes":""},"categories":[6,8,16],"tags":[],"class_list":["post-15108","post","type-post","status-publish","format-standard","hentry","category-matkailu","category-rovaniemi","category-valokuvaus"],"_links":{"self":[{"href":"https:\/\/www.veikkovasama.fi\/blogi\/index.php?rest_route=\/wp\/v2\/posts\/15108","targetHints":{"allow":["GET"]}}],"collection":[{"href":"https:\/\/www.veikkovasama.fi\/blogi\/index.php?rest_route=\/wp\/v2\/posts"}],"about":[{"href":"https:\/\/www.veikkovasama.fi\/blogi\/index.php?rest_route=\/wp\/v2\/types\/post"}],"author":[{"embeddable":true,"href":"https:\/\/www.veikkovasama.fi\/blogi\/index.php?rest_route=\/wp\/v2\/users\/1"}],"replies":[{"embeddable":true,"href":"https:\/\/www.veikkovasama.fi\/blogi\/index.php?rest_route=%2Fwp%2Fv2%2Fcomments&post=15108"}],"version-history":[{"count":26,"href":"https:\/\/www.veikkovasama.fi\/blogi\/index.php?rest_route=\/wp\/v2\/posts\/15108\/revisions"}],"predecessor-version":[{"id":20601,"href":"https:\/\/www.veikkovasama.fi\/blogi\/index.php?rest_route=\/wp\/v2\/posts\/15108\/revisions\/20601"}],"wp:attachment":[{"href":"https:\/\/www.veikkovasama.fi\/blogi\/index.php?rest_route=%2Fwp%2Fv2%2Fmedia&parent=15108"}],"wp:term":[{"taxonomy":"category","embeddable":true,"href":"https:\/\/www.veikkovasama.fi\/blogi\/index.php?rest_route=%2Fwp%2Fv2%2Fcategories&post=15108"},{"taxonomy":"post_tag","embeddable":true,"href":"https:\/\/www.veikkovasama.fi\/blogi\/index.php?rest_route=%2Fwp%2Fv2%2Ftags&post=15108"}],"curies":[{"name":"wp","href":"https:\/\/api.w.org\/{rel}","templated":true}]}}