{"id":14481,"date":"2021-08-21T12:46:25","date_gmt":"2021-08-21T09:46:25","guid":{"rendered":"https:\/\/www.veikkovasama.fi\/blogi\/?p=14481"},"modified":"2026-03-25T12:33:26","modified_gmt":"2026-03-25T10:33:26","slug":"jukolan-pitka-yo","status":"publish","type":"post","link":"https:\/\/www.veikkovasama.fi\/blogi\/?p=14481","title":{"rendered":"Jukolan pitk\u00e4 y\u00f6"},"content":{"rendered":"\n<p>Koronan vuoksi elokuulle siirretty Jukolan y\u00f6 tulee olemaan poikkeuksellisen pitk\u00e4 ja pime\u00e4. N\u00e4in siit\u00e4 huolimatta, ett\u00e4 tapahtuma j\u00e4rjestet\u00e4\u00e4n Lapissa. Viel\u00e4 eilen y\u00f6st\u00e4 oli tulossa my\u00f6s m\u00e4rk\u00e4, mutta ennusteet ovat onneksi kuivahtaneet.<\/p>\n\n\n<p><a href=\"https:\/\/www.veikkovasama.fi\/blogikuvat\/jukola.jpg\" rel=\"lightbox[14475]\"><img decoding=\"async\" title=\"Jukolan viestin startti kes\u00e4kuussa 1994\" src=\"https:\/\/www.veikkovasama.fi\/blogikuvat\/jukola.jpg\" alt=\"\" width=\"220\" height=\"x\"><\/a><\/p>\n\n\n<p>Kuva on kes\u00e4kuulta 1994. Pyh\u00e4-Luosto Jukolan startatessa valoa oli ruhtinaallisesti, ja muutamat otsalamput her\u00e4ttiv\u00e4t l\u00e4hinn\u00e4 hilpeytt\u00e4. Vietin y\u00f6n tunnit rastilla, ja luonnonvaloa riitti melko lyhyisiinkin valotusaikoihin.\nJukolan y\u00f6tunnelmia p\u00e4\u00e4sin aistimaan Jyv\u00e4skyl\u00e4ss\u00e4 kolme vuotta my\u00f6hemmin.<\/p>\n\n\n<p><a href=\"https:\/\/www.veikkovasama.fi\/blogikuvat\/jukola_silta.jpg\" rel=\"lightbox[14475]\"><img decoding=\"async\" title=\"Jukolan y\u00f6t\u00e4 Jyv\u00e4skyl\u00e4ss\u00e4 1997.\" src=\"https:\/\/www.veikkovasama.fi\/blogikuvat\/jukola_silta.jpg\" alt=\"\" width=\"180\" height=\"x\"><\/a><\/p>\n<p>Yhteensattumuksen vuoksi en pysty seuraamaan Jukolaa edes telkkarista niin kiinte\u00e4sti kuin haluaisin, mutta kannatan suunnistusaatetta tulevalla viikolla kartalla ja kompassilla varustautuneena Muotkatunturin er\u00e4maassa.<\/p>","protected":false},"excerpt":{"rendered":"<p>Koronan vuoksi elokuulle siirretty Jukolan y\u00f6 tulee olemaan poikkeuksellisen pitk\u00e4 ja pime\u00e4. N\u00e4in siit\u00e4 huolimatta, ett\u00e4 tapahtuma j\u00e4rjestet\u00e4\u00e4n Lapissa. Viel\u00e4 eilen y\u00f6st\u00e4 oli tulossa my\u00f6s m\u00e4rk\u00e4, mutta ennusteet ovat onneksi kuivahtaneet. Kuva on kes\u00e4kuulta 1994. Pyh\u00e4-Luosto Jukolan startatessa valoa oli ruhtinaallisesti, ja muutamat otsalamput her\u00e4ttiv\u00e4t l\u00e4hinn\u00e4 hilpeytt\u00e4. Vietin y\u00f6n tunnit rastilla, ja luonnonvaloa riitti melko [&hellip;]<\/p>\n","protected":false},"author":1,"featured_media":0,"comment_status":"closed","ping_status":"closed","sticky":false,"template":"","format":"standard","meta":{"footnotes":""},"categories":[4,8],"tags":[],"class_list":["post-14481","post","type-post","status-publish","format-standard","hentry","category-jaakiekko","category-rovaniemi"],"_links":{"self":[{"href":"https:\/\/www.veikkovasama.fi\/blogi\/index.php?rest_route=\/wp\/v2\/posts\/14481","targetHints":{"allow":["GET"]}}],"collection":[{"href":"https:\/\/www.veikkovasama.fi\/blogi\/index.php?rest_route=\/wp\/v2\/posts"}],"about":[{"href":"https:\/\/www.veikkovasama.fi\/blogi\/index.php?rest_route=\/wp\/v2\/types\/post"}],"author":[{"embeddable":true,"href":"https:\/\/www.veikkovasama.fi\/blogi\/index.php?rest_route=\/wp\/v2\/users\/1"}],"replies":[{"embeddable":true,"href":"https:\/\/www.veikkovasama.fi\/blogi\/index.php?rest_route=%2Fwp%2Fv2%2Fcomments&post=14481"}],"version-history":[{"count":13,"href":"https:\/\/www.veikkovasama.fi\/blogi\/index.php?rest_route=\/wp\/v2\/posts\/14481\/revisions"}],"predecessor-version":[{"id":21011,"href":"https:\/\/www.veikkovasama.fi\/blogi\/index.php?rest_route=\/wp\/v2\/posts\/14481\/revisions\/21011"}],"wp:attachment":[{"href":"https:\/\/www.veikkovasama.fi\/blogi\/index.php?rest_route=%2Fwp%2Fv2%2Fmedia&parent=14481"}],"wp:term":[{"taxonomy":"category","embeddable":true,"href":"https:\/\/www.veikkovasama.fi\/blogi\/index.php?rest_route=%2Fwp%2Fv2%2Fcategories&post=14481"},{"taxonomy":"post_tag","embeddable":true,"href":"https:\/\/www.veikkovasama.fi\/blogi\/index.php?rest_route=%2Fwp%2Fv2%2Ftags&post=14481"}],"curies":[{"name":"wp","href":"https:\/\/api.w.org\/{rel}","templated":true}]}}