{"id":13246,"date":"2020-10-10T20:10:51","date_gmt":"2020-10-10T17:10:51","guid":{"rendered":"https:\/\/www.veikkovasama.fi\/blogi\/?p=13246"},"modified":"2020-10-10T20:54:33","modified_gmt":"2020-10-10T17:54:33","slug":"eika-tarvitse-hanen-lukea","status":"publish","type":"post","link":"https:\/\/www.veikkovasama.fi\/blogi\/?p=13246","title":{"rendered":"Veljekset kadehtivat oravaa"},"content":{"rendered":"\n<p>Pekka Ervasti kysyy Twitteriss\u00e4 Aleksis Kiven p\u00e4iv\u00e4\u00e4n liittyen suosikkisitaattia kirjailijan teoksista. Omani on <em>Seitsem\u00e4st\u00e4 veljeksest\u00e4<\/em>.<\/p>\n\n\n<p><a href=\"https:\/\/www.veikkovasama.fi\/blogikuvat\/orava2.jpg\" rel=\"lightbox[14475]\"><img decoding=\"async\" title=\"Oravan ei tarvitse lukea (piirros: Akseli Gallen-Kallela)\" src=\"https:\/\/www.veikkovasama.fi\/blogikuvat\/orava2.jpg\" alt=\"\" width=\"200\" height=\"x\" \/><\/a><\/p>\n<p>Veljekset ovat aapisineen matkalla hirmuisuudestaan kuulun lukkarin luo opettelemaan lukutaidon alkeita. Tunnelma on masentunut ja pelihuumori nollassa.<\/p>\n<p>Timo olisi mielell\u00e4\u00e4n vaihtanut osia j\u00e4niksen poikasen kanssa v\u00e4ltty\u00e4kseen kohtaloltaan:<\/p>\n<blockquote>\n<p>&#8211; Miksi en avannut ennen silmi\u00e4ni halkihuulisena j\u00e4niksen poikasena tuon n\u00e4reen alla tuossa?<\/p>\n<\/blockquote>\n<p>Juhani huomaa puussa oravan ja avautuu:<\/p>\n<blockquote>\n<p>&#8211; Tai min\u00e4 tuona oravana, joka m\u00e4nnyn haarukalla h\u00e4nt\u00e4 pystyss\u00e4 virskuttelee?\u00a0 \u00a0 \u00a0 \u00a0 \u00a0 Suruton leip\u00e4ns\u00e4 on k\u00e4py ja kuusen parta l\u00e4mmin peittonsa sammaleisessa tuvassa.<\/p>\n<\/blockquote>\n<p>Timo t\u00e4sment\u00e4\u00e4:<\/p>\n<blockquote>\n<p><strong>&#8211; Eik\u00e4 tarvitse h\u00e4nen lukea.<\/strong><\/p>\n<\/blockquote>","protected":false},"excerpt":{"rendered":"<p>Pekka Ervasti kysyy Twitteriss\u00e4 Aleksis Kiven p\u00e4iv\u00e4\u00e4n liittyen suosikkisitaattia kirjailijan teoksista. Omani on Seitsem\u00e4st\u00e4 veljeksest\u00e4. Veljekset ovat aapisineen matkalla hirmuisuudestaan kuulun lukkarin luo opettelemaan lukutaidon alkeita. Tunnelma on masentunut ja pelihuumori nollassa. Timo olisi mielell\u00e4\u00e4n vaihtanut osia j\u00e4niksen poikasen kanssa v\u00e4ltty\u00e4kseen kohtaloltaan: &#8211; Miksi en avannut ennen silmi\u00e4ni halkihuulisena j\u00e4niksen poikasena tuon n\u00e4reen alla tuossa? [&hellip;]<\/p>\n","protected":false},"author":1,"featured_media":0,"comment_status":"closed","ping_status":"closed","sticky":false,"template":"","format":"standard","meta":{"footnotes":""},"categories":[14],"tags":[],"class_list":["post-13246","post","type-post","status-publish","format-standard","hentry","category-kirjallisuus"],"_links":{"self":[{"href":"https:\/\/www.veikkovasama.fi\/blogi\/index.php?rest_route=\/wp\/v2\/posts\/13246","targetHints":{"allow":["GET"]}}],"collection":[{"href":"https:\/\/www.veikkovasama.fi\/blogi\/index.php?rest_route=\/wp\/v2\/posts"}],"about":[{"href":"https:\/\/www.veikkovasama.fi\/blogi\/index.php?rest_route=\/wp\/v2\/types\/post"}],"author":[{"embeddable":true,"href":"https:\/\/www.veikkovasama.fi\/blogi\/index.php?rest_route=\/wp\/v2\/users\/1"}],"replies":[{"embeddable":true,"href":"https:\/\/www.veikkovasama.fi\/blogi\/index.php?rest_route=%2Fwp%2Fv2%2Fcomments&post=13246"}],"version-history":[{"count":14,"href":"https:\/\/www.veikkovasama.fi\/blogi\/index.php?rest_route=\/wp\/v2\/posts\/13246\/revisions"}],"predecessor-version":[{"id":13261,"href":"https:\/\/www.veikkovasama.fi\/blogi\/index.php?rest_route=\/wp\/v2\/posts\/13246\/revisions\/13261"}],"wp:attachment":[{"href":"https:\/\/www.veikkovasama.fi\/blogi\/index.php?rest_route=%2Fwp%2Fv2%2Fmedia&parent=13246"}],"wp:term":[{"taxonomy":"category","embeddable":true,"href":"https:\/\/www.veikkovasama.fi\/blogi\/index.php?rest_route=%2Fwp%2Fv2%2Fcategories&post=13246"},{"taxonomy":"post_tag","embeddable":true,"href":"https:\/\/www.veikkovasama.fi\/blogi\/index.php?rest_route=%2Fwp%2Fv2%2Ftags&post=13246"}],"curies":[{"name":"wp","href":"https:\/\/api.w.org\/{rel}","templated":true}]}}