{"id":10881,"date":"2019-05-23T15:13:36","date_gmt":"2019-05-23T12:13:36","guid":{"rendered":"https:\/\/www.veikkovasama.fi\/blogi\/?p=10881"},"modified":"2021-12-15T15:22:49","modified_gmt":"2021-12-15T13:22:49","slug":"tallinna-askelia-ja-ajatuksia","status":"publish","type":"post","link":"https:\/\/www.veikkovasama.fi\/blogi\/?p=10881","title":{"rendered":"Askelia ja ajatuksia Tallinnassa"},"content":{"rendered":"\n<p>Olen huomannut, ett\u00e4 Tallinnassa askelia kertyy helposti paljon ja usein huomaamatta. Enn\u00e4tys on viime vuoden toukokuulta, jolloin otin p\u00e4iv\u00e4n aikana 32800 askelta. <\/p>\n\n\n\n<p>Kyse on ilmi\u00f6st\u00e4, josta kirjoitin <a href=\"https:\/\/www.veikkovasama.fi\/blogi\/?p=894 \">blogin syyskuussa 2011<\/a>, tilan ottamisesta haltuun. Jos &#8221;tila&#8221; tarkoittaa vierasta kaupunkia, parhaat menetelm\u00e4t ovat k\u00e4veleminen ja py\u00f6r\u00e4ily. <\/p>\n\n\n\n<p>\u00c4skett\u00e4in Tallinnassa k\u00e4ydess\u00e4ni jatkoin harrastusta. Ensimm\u00e4isen p\u00e4iv\u00e4n askeleet (22 981) kertyiv\u00e4t seuraavasti: ensin hotellilta Balti Jaamille, sitten Rahum\u00e4en hautausmaalta Nommeen, mist\u00e4 jatkoin bussilla sotilashautausmaalle Juhkentalin kaupunginosaan. Pronssisoturi on kiinnostanut pitk\u00e4\u00e4n, mutta n\u00e4in sen nyt ensi kertaa. Ilmeisesti voitonp\u00e4iv\u00e4st\u00e4 johtuen muistomerkille oli saapunut paikallisia ihmisi\u00e4 kukkalaitteineen.<\/p>\n\n\n<p><a href=\"https:\/\/www.veikkovasama.fi\/blogikuvat\/pronssisoturi.jpg\" rel=\"lightbox[14475]\"><img decoding=\"async\" title=\"Pronssisoturi\" src=\"https:\/\/www.veikkovasama.fi\/blogikuvat\/pronssisoturi.jpg\" alt=\"\" width=\"130\" height=\"x\"><\/a><\/p>\n\n\n<p>Jatkoin muistomerkilt\u00e4 outoja katuja kohti kaupungin keskustaa. Er\u00e4\u00e4n kerrostalon p\u00e4\u00e4ty\u00e4 koristi muraali, jonka aiheena oli m\u00e4kihypp\u00e4\u00e4j\u00e4. Yritin muistella virolaisia lajin taitajia, mutta yht\u00e4\u00e4n nime\u00e4 ei tullut mieleen. \n\n<p><a href=\"https:\/\/www.veikkovasama.fi\/blogikuvat\/muraali.jpg\" rel=\"lightbox[14475]\"><img decoding=\"async\" title=\"Tallinnan mainittavin m\u00e4kimies\" src=\"https:\/\/www.veikkovasama.fi\/blogikuvat\/muraali.jpg\" alt=\"\" width=\"180\" height=\"x\"><\/a><\/p>\n\nD-terminaalin l\u00e4hell\u00e4 sijaitsevalle hotellille p\u00e4\u00e4sty\u00e4ni olin k\u00e4vellyt sen verran, ett\u00e4 teki mieli oikaista hetkeksi. <\/p>\n\n\n\n<p>Iltap\u00e4iv\u00e4ll\u00e4 palasin keskustaan katsoakseni <em>Totuus ja oikeus<\/em> -elokuvan, jota esitettiin yhdell\u00e4 <a href=\"https:\/\/www.forumcinemas.ee\/eng\/event\/301236\/title\/truth_and_justice\/\" class=\"broken_link\">Coca Cola Plazan<\/a> monista n\u00e4ytt\u00e4m\u00f6ist\u00e4. Elokuva kesti melkein kolme tuntia, ja pitk\u00e4n istumisen j\u00e4lkeen jaloittelin mutkan Tammsaare-puistossa  ennen paluuta majapaikkaan.<\/p>\n\n\n\n<p>Seuraavana p\u00e4iv\u00e4n\u00e4 k\u00e4velyt j\u00e4iv\u00e4t v\u00e4hemm\u00e4lle. Suunnistin aluksi Harjukadun Infopisteeseen, ostin Tallinna-kortin ja jatkoin Raatihuoneentorin kautta Pyh\u00e4n Hengen kirkkoon. Se oli hyv\u00e4 paikka hiljenty\u00e4 ja suunnitella p\u00e4iv\u00e4n ohjelmaa. \n\n<p><a href=\"https:\/\/www.veikkovasama.fi\/blogikuvat\/aamu_kirkossa.jpg\" rel=\"lightbox[14475]\"><img decoding=\"async\" title=\"Aamuvaloa kirkossa\" src=\"https:\/\/www.veikkovasama.fi\/blogikuvat\/aamu_kirkossa.jpg\" alt=\"\" width=\"130\" height=\"x\"><\/a><\/p>\n\nSain my\u00f6s uutta tietoa. T\u00e4m\u00e4 kirkko oli ensimm\u00e4inen Virossa, miss\u00e4 saarnattiin kansankielell\u00e4. Mutta toisin kuin olin luullut, saarnaaja ei ollut <a href=\"https:\/\/www.veikkovasama.fi\/blogi\/?p=7753\">Balthasar Russow<\/a>, vaan h\u00e4nen edelt\u00e4j\u00e4ns\u00e4. <\/p>\n\n\n\n<p>Tallinnan-matkallani oli t\u00e4ll\u00e4 kertaa kaksi p\u00e4\u00e4tavoitetta, n\u00e4hd\u00e4 aiemmin mainittu elokuva ja tutustua <a href=\"https:\/\/www.vabamu.ee\/\">Vabamu-miehitysmuseon<\/a> uusittuun n\u00e4yttelyyn.  Vanha n\u00e4yttely oli perinteisell\u00e4 tavalla hyv\u00e4, mutta t\u00e4m\u00e4 uusi mielest\u00e4ni loistava. Pidin erityisesti siit\u00e4, ett\u00e4 tekij\u00f6ill\u00e4 oli riitt\u00e4nyt malttia pit\u00e4\u00e4 tekniikka sille kuuluvassa roolissa. P\u00e4\u00e4osassa oli n\u00e4yttelyn kiinnostava sis\u00e4lt\u00f6. Tiskilt\u00e4 sai mukaan \u00e4lylaitteen ja kuulokkeet, joiden avulla kuuli suomeksi johdannot ja sai lukea selostukset n\u00e4yttelyesineist\u00e4. <\/p>\n\n\n<p><a href=\"http:\/\/www.veikkovasama.fi\/blogikuvat\/kielletty_ase.jpg\" rel=\"lightbox[14475]\"><img decoding=\"async\" title=\"N\u00e4yttelyesineen selostus suomeksi\" src=\"https:\/\/www.veikkovasama.fi\/blogikuvat\/kielletty_ase.jpg\" alt=\"\" width=\"180\" height=\"x\"><\/a><\/p>\n\n\n<p>Lentosatama tuntui k\u00e4velij\u00e4lle turhan kaukaiselta kohteelta enk\u00e4 saanut busseista selv\u00e4\u00e4, joten p\u00e4\u00e4tin suunnata pohjoisiin kaupunginosiin. Teletorni oli ennest\u00e4\u00e4n tuttu paikka, ja nousin korkeuksiin l\u00e4hinn\u00e4 saadakseni katetta Tallinna-kortille. Muut t\u00e4m\u00e4n suunnan n\u00e4ht\u00e4vyydet kiinnostivat selv\u00e4sti enemm\u00e4n.<\/p>\n\n\n\n<p>K\u00e4velin tornilta Metsakalmistuun, k\u00e4vin Lennart Meren haudalla ja jatkoin bussilla Piritaan luostarin raunioille. Luostari oli ollut yll\u00e4tt\u00e4v\u00e4n suuri rakennus enk\u00e4 en\u00e4\u00e4 ihmettele, ett\u00e4 p\u00e4\u00e4tykolmio n\u00e4kyy niin hyvin laivaan. Tallinnaa piiritt\u00e4neet ven\u00e4l\u00e4iset h\u00e4vittiv\u00e4t luostarin vuonna 1577 ja purkivat kattorakenteita polttopuiksi; sein\u00e4kivist\u00e4 muotoiltiin kuulia ammuttaviksi tykeill\u00e4 muurien yli kaupunkiin. <\/p>\n\n\n<p><a href=\"https:\/\/www.veikkovasama.fi\/blogikuvat\/luostari.jpg\" rel=\"lightbox[14475]\"><img decoding=\"async\" title=\"Luostarilla kuvattiin h\u00e4\u00e4paria\" src=\"https:\/\/www.veikkovasama.fi\/blogikuvat\/luostari.jpg\" alt=\"\" width=\"180\" height=\"x\"><\/a><\/p>\n\n\n<p>Seuraava kohteeni oli Maarjam\u00e4elle Viron itsen\u00e4isyyden juhlavuoden kunniaksi valmistunut <a href=\"https:\/\/www.memoriaal.ee\/en\/\">Kommunismin uhrien muistomerkki<\/a>. Vaikuttava monumentti on kaksiosainen: &#8221;Matka&#8221; on pitk\u00e4 k\u00e4yt\u00e4v\u00e4, jonka seinill\u00e4 on 20 000 uhrin nimet; viereinen alue \u201dKotipiha\u201d on turvan vertauskuva. <\/p>\n\n\n<p><a href=\"https:\/\/www.veikkovasama.fi\/blogikuvat\/muistomerkki2.jpg\" rel=\"lightbox[14475]\"><img decoding=\"async\" title=\"Matka oli pitk\u00e4 ja ahdistava\" src=\"https:\/\/www.veikkovasama.fi\/blogikuvat\/muistomerkki2.jpg\" alt=\"\" width=\"130\" height=\"x\"><\/a><\/p>\n\n\n<p> Nimilista ei ole kattava eik\u00e4 lopullinen, sill\u00e4 osa uhreista lep\u00e4\u00e4 edelleen nimett\u00f6min\u00e4 joukkohaudoissa vieraalla maalla. Testasin <a href=\"https:\/\/www.memoriaal.ee\/en\/search\/?q=Jaan+Kross&amp;f=all\">verkkosivujen nimihakua<\/a> kirjoittamalla kentt\u00e4\u00e4n tutun nimen. Osumia tulee kaksi: Jaan Kross vanhempi (alempi nimi), kirjailijan is\u00e4, menehtyi Mordvan vankileirill\u00e4 Siperiassa 16.2.1946.<\/p>\n\n\n<p><a href=\"https:\/\/www.veikkovasama.fi\/blogikuvat\/nimilistaa.jpg\" rel=\"lightbox[14475]\"><img decoding=\"async\" title=\"Nimilista t\u00e4ydentynee viel\u00e4\" src=\"https:\/\/www.veikkovasama.fi\/blogikuvat\/nimilistaa.jpg\" alt=\"\" width=\"130\" height=\"x\"><\/a><\/p>\n\n\n<p>Hotellille palattuani ajattelin el\u00e4mysten riitt\u00e4v\u00e4n. Katselin laivoja ja sulattelin p\u00e4iv\u00e4n antia.<\/p>\n\n\n<p><a href=\"https:\/\/www.veikkovasama.fi\/blogikuvat\/europa_ja_star.jpg\" rel=\"lightbox[14475]\"><img decoding=\"async\" title=\"N\u00e4kym\u00e4 majapaikan ikkunasta\" src=\"https:\/\/www.veikkovasama.fi\/blogikuvat\/europa_ja_star.jpg\" alt=\"\" width=\"180\" height=\"x\"><\/a><\/p>","protected":false},"excerpt":{"rendered":"<p>Olen huomannut, ett\u00e4 Tallinnassa askelia kertyy helposti paljon ja usein huomaamatta. Enn\u00e4tys on viime vuoden toukokuulta, jolloin otin p\u00e4iv\u00e4n aikana 32800 askelta. Kyse on ilmi\u00f6st\u00e4, josta kirjoitin blogin syyskuussa 2011, tilan ottamisesta haltuun. Jos &#8221;tila&#8221; tarkoittaa vierasta kaupunkia, parhaat menetelm\u00e4t ovat k\u00e4veleminen ja py\u00f6r\u00e4ily. \u00c4skett\u00e4in Tallinnassa k\u00e4ydess\u00e4ni jatkoin harrastusta. Ensimm\u00e4isen p\u00e4iv\u00e4n askeleet (22 981) kertyiv\u00e4t [&hellip;]<\/p>\n","protected":false},"author":1,"featured_media":0,"comment_status":"closed","ping_status":"closed","sticky":false,"template":"","format":"standard","meta":{"footnotes":""},"categories":[6],"tags":[48],"class_list":["post-10881","post","type-post","status-publish","format-standard","hentry","category-matkailu","tag-viro"],"_links":{"self":[{"href":"https:\/\/www.veikkovasama.fi\/blogi\/index.php?rest_route=\/wp\/v2\/posts\/10881","targetHints":{"allow":["GET"]}}],"collection":[{"href":"https:\/\/www.veikkovasama.fi\/blogi\/index.php?rest_route=\/wp\/v2\/posts"}],"about":[{"href":"https:\/\/www.veikkovasama.fi\/blogi\/index.php?rest_route=\/wp\/v2\/types\/post"}],"author":[{"embeddable":true,"href":"https:\/\/www.veikkovasama.fi\/blogi\/index.php?rest_route=\/wp\/v2\/users\/1"}],"replies":[{"embeddable":true,"href":"https:\/\/www.veikkovasama.fi\/blogi\/index.php?rest_route=%2Fwp%2Fv2%2Fcomments&post=10881"}],"version-history":[{"count":60,"href":"https:\/\/www.veikkovasama.fi\/blogi\/index.php?rest_route=\/wp\/v2\/posts\/10881\/revisions"}],"predecessor-version":[{"id":12448,"href":"https:\/\/www.veikkovasama.fi\/blogi\/index.php?rest_route=\/wp\/v2\/posts\/10881\/revisions\/12448"}],"wp:attachment":[{"href":"https:\/\/www.veikkovasama.fi\/blogi\/index.php?rest_route=%2Fwp%2Fv2%2Fmedia&parent=10881"}],"wp:term":[{"taxonomy":"category","embeddable":true,"href":"https:\/\/www.veikkovasama.fi\/blogi\/index.php?rest_route=%2Fwp%2Fv2%2Fcategories&post=10881"},{"taxonomy":"post_tag","embeddable":true,"href":"https:\/\/www.veikkovasama.fi\/blogi\/index.php?rest_route=%2Fwp%2Fv2%2Ftags&post=10881"}],"curies":[{"name":"wp","href":"https:\/\/api.w.org\/{rel}","templated":true}]}}