{"id":10539,"date":"2019-02-25T11:56:49","date_gmt":"2019-02-25T09:56:49","guid":{"rendered":"https:\/\/www.veikkovasama.fi\/blogi\/?p=10539"},"modified":"2020-03-27T17:36:16","modified_gmt":"2020-03-27T15:36:16","slug":"aastapaev","status":"publish","type":"post","link":"https:\/\/www.veikkovasama.fi\/blogi\/?p=10539","title":{"rendered":"Aastap\u00e4ev"},"content":{"rendered":"<p>Vietin eilen Viron itsen\u00e4isyysp\u00e4iv\u00e4\u00e4 seuraamalla striimi\u00e4 soihtukulkueesta. Oli syk\u00e4hdytt\u00e4v\u00e4\u00e4 n\u00e4hd\u00e4, kun Vanhankaupungin kadut t\u00e4yttyiv\u00e4t tuhansista ihmisist\u00e4!<\/p>\n<p><a href=\"https:\/\/www.veikkovasama.fi\/blogikuvat\/aastapaev.jpg\" rel=\"lightbox[15188]\"><img decoding=\"async\" title=\"Soihtukulkue t\u00e4ytti vanhankaupungin kadut\" src=\"https:\/\/www.veikkovasama.fi\/blogikuvat\/aastapaev.jpg\" alt=\"\" width=\"180\" height=\"x\"><\/a><\/p>\n<p>T\u00e4n\u00e4\u00e4n katselin uutisia ja ihmettelin, ett\u00e4 t\u00e4\u00e4ll\u00e4 Suomessa naapurin juhlap\u00e4iv\u00e4\u00e4 ei noteerattu mill\u00e4\u00e4n tavalla.<\/p>\n<p>L\u00f6ysin etsinn\u00e4n sivutuotteena <a href=\"https:\/\/www.tallinna24.ee\/artikkeli\/731747-t24-paasi-vierailemaan-lahes-10-vuotta-tyhjillaan-olleessa-linnahallissa-katso\" class=\"broken_link\">mielenkiintoisen videon<\/a>&nbsp;nyt kymmenen vuotta k\u00e4ytt\u00e4m\u00e4tt\u00f6m\u00e4n\u00e4 olleesta Kaupunginhallista, joka on siis valtava rakennus keskeisell\u00e4 paikalla matkustajasataman l\u00e4hell\u00e4. Seuraan mielenkiinnolla tilanteen kehittymist\u00e4, ja sivusin asiaa <a href=\"https:\/\/www.veikkovasama.fi\/blogi\/?p=7571\">blogissani<\/a> pari vuotta sitten.<\/p>\n<p>Valtavan rakennuksen uumenissa on mm. 4900 katsojalle mitoitettu konserttisali ja 4200 katsojan j\u00e4\u00e4halli!<\/p>\n","protected":false},"excerpt":{"rendered":"<p>Vietin eilen Viron itsen\u00e4isyysp\u00e4iv\u00e4\u00e4 seuraamalla striimi\u00e4 soihtukulkueesta. Oli syk\u00e4hdytt\u00e4v\u00e4\u00e4 n\u00e4hd\u00e4, kun Vanhankaupungin kadut t\u00e4yttyiv\u00e4t tuhansista ihmisist\u00e4! T\u00e4n\u00e4\u00e4n katselin uutisia ja ihmettelin, ett\u00e4 t\u00e4\u00e4ll\u00e4 Suomessa naapurin juhlap\u00e4iv\u00e4\u00e4 ei noteerattu mill\u00e4\u00e4n tavalla. L\u00f6ysin etsinn\u00e4n sivutuotteena mielenkiintoisen videon&nbsp;nyt kymmenen vuotta k\u00e4ytt\u00e4m\u00e4tt\u00f6m\u00e4n\u00e4 olleesta Kaupunginhallista, joka on siis valtava rakennus keskeisell\u00e4 paikalla matkustajasataman l\u00e4hell\u00e4. Seuraan mielenkiinnolla tilanteen kehittymist\u00e4, ja sivusin [&hellip;]<\/p>\n","protected":false},"author":1,"featured_media":0,"comment_status":"closed","ping_status":"closed","sticky":false,"template":"","format":"standard","meta":{"footnotes":""},"categories":[1],"tags":[],"class_list":["post-10539","post","type-post","status-publish","format-standard","hentry","category-muut-aiheet"],"_links":{"self":[{"href":"https:\/\/www.veikkovasama.fi\/blogi\/index.php?rest_route=\/wp\/v2\/posts\/10539","targetHints":{"allow":["GET"]}}],"collection":[{"href":"https:\/\/www.veikkovasama.fi\/blogi\/index.php?rest_route=\/wp\/v2\/posts"}],"about":[{"href":"https:\/\/www.veikkovasama.fi\/blogi\/index.php?rest_route=\/wp\/v2\/types\/post"}],"author":[{"embeddable":true,"href":"https:\/\/www.veikkovasama.fi\/blogi\/index.php?rest_route=\/wp\/v2\/users\/1"}],"replies":[{"embeddable":true,"href":"https:\/\/www.veikkovasama.fi\/blogi\/index.php?rest_route=%2Fwp%2Fv2%2Fcomments&post=10539"}],"version-history":[{"count":11,"href":"https:\/\/www.veikkovasama.fi\/blogi\/index.php?rest_route=\/wp\/v2\/posts\/10539\/revisions"}],"predecessor-version":[{"id":12465,"href":"https:\/\/www.veikkovasama.fi\/blogi\/index.php?rest_route=\/wp\/v2\/posts\/10539\/revisions\/12465"}],"wp:attachment":[{"href":"https:\/\/www.veikkovasama.fi\/blogi\/index.php?rest_route=%2Fwp%2Fv2%2Fmedia&parent=10539"}],"wp:term":[{"taxonomy":"category","embeddable":true,"href":"https:\/\/www.veikkovasama.fi\/blogi\/index.php?rest_route=%2Fwp%2Fv2%2Fcategories&post=10539"},{"taxonomy":"post_tag","embeddable":true,"href":"https:\/\/www.veikkovasama.fi\/blogi\/index.php?rest_route=%2Fwp%2Fv2%2Ftags&post=10539"}],"curies":[{"name":"wp","href":"https:\/\/api.w.org\/{rel}","templated":true}]}}